{"id":7008,"date":"2025-03-25T07:23:32","date_gmt":"2025-03-25T07:23:32","guid":{"rendered":"https:\/\/www.radiowest.it\/?p=7008"},"modified":"2025-04-12T09:44:46","modified_gmt":"2025-04-12T09:44:46","slug":"just-good-vibes-musicfordede","status":"publish","type":"post","link":"https:\/\/www.radiowest.it\/index.php\/just-good-vibes-musicfordede\/","title":{"rendered":"&#8220;Just Good Vibes&#8221;. #musicfordede"},"content":{"rendered":"\t\t<div data-elementor-type=\"wp-post\" data-elementor-id=\"7008\" class=\"elementor elementor-7008\" data-elementor-settings=\"[]\">\n\t\t\t\t\t\t<div class=\"elementor-inner\">\n\t\t\t\t\t\t\t<div class=\"elementor-section-wrap\">\n\t\t\t\t\t\t\t<section class=\"elementor-section elementor-top-section elementor-element elementor-element-e4faea7 elementor-section-boxed elementor-section-height-default elementor-section-height-default\" data-id=\"e4faea7\" data-element_type=\"section\">\n\t\t\t\t\t\t<div class=\"elementor-container elementor-column-gap-default\">\n\t\t\t\t\t\t\t<div class=\"elementor-row\">\n\t\t\t\t\t<div class=\"elementor-column elementor-col-100 elementor-top-column elementor-element elementor-element-c4a49c4\" data-id=\"c4a49c4\" data-element_type=\"column\">\n\t\t\t<div class=\"elementor-column-wrap elementor-element-populated\">\n\t\t\t\t\t\t\t<div class=\"elementor-widget-wrap\">\n\t\t\t\t\t\t<div class=\"elementor-element elementor-element-1bc1707 elementor-widget elementor-widget-text-editor\" data-id=\"1bc1707\" data-element_type=\"widget\" data-widget_type=\"text-editor.default\">\n\t\t\t\t<div class=\"elementor-widget-container\">\n\t\t\t\t\t\t\t\t<div class=\"elementor-text-editor elementor-clearfix\">\n\t\t\t\t<p>L\u2019Associazione Culturale Radio West, nata nel marzo 2021, a quattro anni dalla sua fondazione ha organizzato per sabato 15 marzo 2025 un evento musicale al teatro degli Orti, nel ricordo di Ded\u00e8 Vinci. Si sono esibite varie band locali, \u00e8 stata avviata una raccolta fondi per iniziative di beneficenza ed \u00e8 stata promossa una campagna di tesseramento all&#8217;Associazione, in vista del lancio di nuovi progetti.<\/p><p>A trascinare la serata, con i singoli musicisti spesso ad alternarsi tra i vari gruppi, sono stati il blues rock degli Amoricana, i 40 (U2 tribute band), le cover &#8220;italianizzate&#8221; anni &#8217;60 di Palmiro e i suoi Togliatti, infine &#8211; rinnovando l&#8217;antica tradizione delle <a href=\"https:\/\/www.radiowest.it\/index.php\/mc-jam-89\/\">MC Jam<\/a> &#8211; una West Friends Jam, con musicisti di tutte le band insieme sul palco a suonare David Bowie, Clash e Neil Young. Proprio come una volta. Hanno presentato sul palco Svisa e Laura Bonato, davanti a una sala gremita (quasi 200 spettatori). Presenti in sala altre voci di Radio West, come Gianni Buccioli e Sandro Bocchio.<\/p><p>L&#8217;iniziativa si \u00e8 aggiunta alle tante altre messe in moto da quando Ded\u00e8 ci ha lasciato nel gennaio 2024, legate soprattutto al mondo della musica. Nel maggio 2024 i locali alessandrini, coordinati dall&#8217;associazione, gli hanno dedicato la <a href=\"https:\/\/www.radiowest.it\/index.php\/dede-week-musicfordede\/\">Ded\u00e8 Week<\/a>, una settimana di musica ed eventi culturali. Il 16 gennaio 2025 il locale Molto pi\u00f9 Fermento ha radunato band locali e ospiti importanti come Omar Pedrini, Paolo Bonfanti e Paolo Archetti Maestri degli Yo Yo Mundi.<\/p>\t\t\t\t\t<\/div>\n\t\t\t\t\t\t<\/div>\n\t\t\t\t<\/div>\n\t\t\t\t<div class=\"elementor-element elementor-element-45b96f3 elementor-widget-divider--view-line elementor-widget elementor-widget-divider\" data-id=\"45b96f3\" data-element_type=\"widget\" data-widget_type=\"divider.default\">\n\t\t\t\t<div class=\"elementor-widget-container\">\n\t\t\t\t\t<div class=\"elementor-divider\">\n\t\t\t<span class=\"elementor-divider-separator\">\n\t\t\t\t\t\t<\/span>\n\t\t<\/div>\n\t\t\t\t<\/div>\n\t\t\t\t<\/div>\n\t\t\t\t\t\t<\/div>\n\t\t\t\t\t<\/div>\n\t\t<\/div>\n\t\t\t\t\t\t\t\t<\/div>\n\t\t\t\t\t<\/div>\n\t\t<\/section>\n\t\t\t\t<section class=\"elementor-section elementor-top-section elementor-element elementor-element-7058104 elementor-section-boxed elementor-section-height-default elementor-section-height-default\" data-id=\"7058104\" data-element_type=\"section\">\n\t\t\t\t\t\t<div class=\"elementor-container elementor-column-gap-default\">\n\t\t\t\t\t\t\t<div class=\"elementor-row\">\n\t\t\t\t\t<div class=\"elementor-column elementor-col-100 elementor-top-column elementor-element elementor-element-5ebd407\" data-id=\"5ebd407\" data-element_type=\"column\">\n\t\t\t<div class=\"elementor-column-wrap elementor-element-populated\">\n\t\t\t\t\t\t\t<div class=\"elementor-widget-wrap\">\n\t\t\t\t\t\t<div class=\"elementor-element elementor-element-30568e3 elementor-icon-list--layout-traditional elementor-list-item-link-full_width elementor-widget elementor-widget-icon-list\" data-id=\"30568e3\" data-element_type=\"widget\" data-widget_type=\"icon-list.default\">\n\t\t\t\t<div class=\"elementor-widget-container\">\n\t\t\t\t\t<ul class=\"elementor-icon-list-items\">\n\t\t\t\t\t\t\t<li class=\"elementor-icon-list-item\">\n\t\t\t\t\t\t\t\t\t\t\t<span class=\"elementor-icon-list-icon\">\n\t\t\t\t\t\t\t<i aria-hidden=\"true\" class=\"far fa-calendar-alt\"><\/i>\t\t\t\t\t\t<\/span>\n\t\t\t\t\t\t\t\t\t\t<span class=\"elementor-icon-list-text\">sabato 15 marzo 2025, ore 21.00<\/span>\n\t\t\t\t\t\t\t\t\t<\/li>\n\t\t\t\t\t\t\t\t<li class=\"elementor-icon-list-item\">\n\t\t\t\t\t\t\t\t\t\t\t<span class=\"elementor-icon-list-icon\">\n\t\t\t\t\t\t\t<i aria-hidden=\"true\" class=\"fas fa-baby\"><\/i>\t\t\t\t\t\t<\/span>\n\t\t\t\t\t\t\t\t\t\t<span class=\"elementor-icon-list-text\">Amoricana - 40 (U2 Tribute) - Palmiro e i suoi Togliatti - West Friends Jam<\/span>\n\t\t\t\t\t\t\t\t\t<\/li>\n\t\t\t\t\t\t\t\t<li class=\"elementor-icon-list-item\">\n\t\t\t\t\t\t\t\t\t\t\t<span class=\"elementor-icon-list-icon\">\n\t\t\t\t\t\t\t<i aria-hidden=\"true\" class=\"fas fa-map-marker-alt\"><\/i>\t\t\t\t\t\t<\/span>\n\t\t\t\t\t\t\t\t\t\t<span class=\"elementor-icon-list-text\">Teatro degli Orti (via Rettoria 25, Alessandria)<\/span>\n\t\t\t\t\t\t\t\t\t<\/li>\n\t\t\t\t\t\t<\/ul>\n\t\t\t\t<\/div>\n\t\t\t\t<\/div>\n\t\t\t\t<div class=\"elementor-element elementor-element-8280edd elementor-widget-divider--view-line elementor-widget elementor-widget-divider\" data-id=\"8280edd\" data-element_type=\"widget\" data-widget_type=\"divider.default\">\n\t\t\t\t<div class=\"elementor-widget-container\">\n\t\t\t\t\t<div class=\"elementor-divider\">\n\t\t\t<span class=\"elementor-divider-separator\">\n\t\t\t\t\t\t<\/span>\n\t\t<\/div>\n\t\t\t\t<\/div>\n\t\t\t\t<\/div>\n\t\t\t\t\t\t<\/div>\n\t\t\t\t\t<\/div>\n\t\t<\/div>\n\t\t\t\t\t\t\t\t<\/div>\n\t\t\t\t\t<\/div>\n\t\t<\/section>\n\t\t\t\t<section class=\"elementor-section elementor-top-section elementor-element elementor-element-e056c5c elementor-section-boxed elementor-section-height-default elementor-section-height-default\" data-id=\"e056c5c\" data-element_type=\"section\">\n\t\t\t\t\t\t<div class=\"elementor-container elementor-column-gap-default\">\n\t\t\t\t\t\t\t<div class=\"elementor-row\">\n\t\t\t\t\t<div class=\"elementor-column elementor-col-100 elementor-top-column elementor-element elementor-element-36c6047\" data-id=\"36c6047\" data-element_type=\"column\">\n\t\t\t<div class=\"elementor-column-wrap elementor-element-populated\">\n\t\t\t\t\t\t\t<div class=\"elementor-widget-wrap\">\n\t\t\t\t\t\t<div class=\"elementor-element elementor-element-ccd9763 elementor-widget elementor-widget-heading\" data-id=\"ccd9763\" data-element_type=\"widget\" data-widget_type=\"heading.default\">\n\t\t\t\t<div class=\"elementor-widget-container\">\n\t\t\t<h2 class=\"elementor-heading-title elementor-size-default\">Album foto<\/h2>\t\t<\/div>\n\t\t\t\t<\/div>\n\t\t\t\t<div class=\"elementor-element elementor-element-ece4282 elementor-widget elementor-widget-text-editor\" data-id=\"ece4282\" data-element_type=\"widget\" data-widget_type=\"text-editor.default\">\n\t\t\t\t<div class=\"elementor-widget-container\">\n\t\t\t\t\t\t\t\t<div class=\"elementor-text-editor elementor-clearfix\">\n\t\t\t\t<p>Scatti di Paolo Zanon<\/p>\t\t\t\t\t<\/div>\n\t\t\t\t\t\t<\/div>\n\t\t\t\t<\/div>\n\t\t\t\t<div class=\"elementor-element elementor-element-93f2f32 gallery-spacing-custom elementor-widget elementor-widget-image-gallery\" data-id=\"93f2f32\" data-element_type=\"widget\" data-widget_type=\"image-gallery.default\">\n\t\t\t\t<div class=\"elementor-widget-container\">\n\t\t\t\t\t<div class=\"elementor-image-gallery\">\n\t\t\t<div class=\"tiled-gallery type-rectangular tiled-gallery-unresized\" data-original-width=\"1200\" data-carousel-extra='null' itemscope itemtype=\"http:\/\/schema.org\/ImageGallery\" > <div class=\"gallery-row\" style=\"width: 1200px; height: 240px;\" data-original-width=\"1200\" data-original-height=\"240\" > <div class=\"gallery-group images-1\" style=\"width: 162px; height: 240px;\" data-original-width=\"162\" data-original-height=\"240\" > <div class=\"tiled-gallery-item tiled-gallery-item-small\" itemprop=\"associatedMedia\" itemscope itemtype=\"http:\/\/schema.org\/ImageObject\"> <a href=\"https:\/\/i0.wp.com\/www.radiowest.it\/wp-content\/uploads\/2025\/04\/2025-03-15-JGV_40-Marcello-Montobbio-2-scaled.jpg?ssl=1\" border=\"0\" itemprop=\"url\"> <meta itemprop=\"width\" content=\"158\"> <meta itemprop=\"height\" content=\"236\"> <img loading=\"lazy\" data-attachment-id=\"7053\" data-orig-file=\"https:\/\/www.radiowest.it\/wp-content\/uploads\/2025\/04\/2025-03-15-JGV_40-Marcello-Montobbio-2-scaled.jpg\" data-orig-size=\"1707,2560\" data-comments-opened=\"1\" data-image-meta=\"{&quot;aperture&quot;:&quot;0&quot;,&quot;credit&quot;:&quot;&quot;,&quot;camera&quot;:&quot;&quot;,&quot;caption&quot;:&quot;&quot;,&quot;created_timestamp&quot;:&quot;1742082908&quot;,&quot;copyright&quot;:&quot;&quot;,&quot;focal_length&quot;:&quot;0&quot;,&quot;iso&quot;:&quot;0&quot;,&quot;shutter_speed&quot;:&quot;0&quot;,&quot;title&quot;:&quot;&quot;,&quot;orientation&quot;:&quot;0&quot;}\" data-image-title=\"2025-03-15 (JGV)_40 (Marcello Montobbio 2)\" data-image-description=\"\" data-medium-file=\"https:\/\/i0.wp.com\/www.radiowest.it\/wp-content\/uploads\/2025\/04\/2025-03-15-JGV_40-Marcello-Montobbio-2-scaled.jpg?fit=200%2C300&#038;ssl=1\" data-large-file=\"https:\/\/i0.wp.com\/www.radiowest.it\/wp-content\/uploads\/2025\/04\/2025-03-15-JGV_40-Marcello-Montobbio-2-scaled.jpg?fit=683%2C1024&#038;ssl=1\" src=\"https:\/\/i0.wp.com\/www.radiowest.it\/wp-content\/uploads\/2025\/04\/2025-03-15-JGV_40-Marcello-Montobbio-2-scaled.jpg?w=158&#038;h=236&#038;ssl=1\" width=\"158\" height=\"236\" data-original-width=\"158\" data-original-height=\"236\" itemprop=\"http:\/\/schema.org\/image\" title=\"2025-03-15 (JGV)_40 (Marcello Montobbio 2)\" alt=\"Marcello Montobbio (40)\" style=\"width: 158px; height: 236px;\" \/> <\/a> <div class=\"tiled-gallery-caption\" itemprop=\"caption description\"> Marcello Montobbio (40) <\/div> <\/div> <\/div> <!-- close group --> <div class=\"gallery-group images-1\" style=\"width: 161px; height: 240px;\" data-original-width=\"161\" data-original-height=\"240\" > <div class=\"tiled-gallery-item tiled-gallery-item-small\" itemprop=\"associatedMedia\" itemscope itemtype=\"http:\/\/schema.org\/ImageObject\"> <a href=\"https:\/\/i0.wp.com\/www.radiowest.it\/wp-content\/uploads\/2025\/04\/2025-03-15-JGV_40-Pino-Marotta-scaled.jpg?ssl=1\" border=\"0\" itemprop=\"url\"> <meta itemprop=\"width\" content=\"157\"> <meta itemprop=\"height\" content=\"236\"> <img loading=\"lazy\" data-attachment-id=\"7054\" data-orig-file=\"https:\/\/www.radiowest.it\/wp-content\/uploads\/2025\/04\/2025-03-15-JGV_40-Pino-Marotta-scaled.jpg\" data-orig-size=\"1707,2560\" data-comments-opened=\"1\" data-image-meta=\"{&quot;aperture&quot;:&quot;0&quot;,&quot;credit&quot;:&quot;&quot;,&quot;camera&quot;:&quot;&quot;,&quot;caption&quot;:&quot;&quot;,&quot;created_timestamp&quot;:&quot;1742082637&quot;,&quot;copyright&quot;:&quot;&quot;,&quot;focal_length&quot;:&quot;0&quot;,&quot;iso&quot;:&quot;0&quot;,&quot;shutter_speed&quot;:&quot;0&quot;,&quot;title&quot;:&quot;&quot;,&quot;orientation&quot;:&quot;0&quot;}\" data-image-title=\"2025-03-15 (JGV)_40 (Pino Marotta)\" data-image-description=\"\" data-medium-file=\"https:\/\/i0.wp.com\/www.radiowest.it\/wp-content\/uploads\/2025\/04\/2025-03-15-JGV_40-Pino-Marotta-scaled.jpg?fit=200%2C300&#038;ssl=1\" data-large-file=\"https:\/\/i0.wp.com\/www.radiowest.it\/wp-content\/uploads\/2025\/04\/2025-03-15-JGV_40-Pino-Marotta-scaled.jpg?fit=683%2C1024&#038;ssl=1\" src=\"https:\/\/i0.wp.com\/www.radiowest.it\/wp-content\/uploads\/2025\/04\/2025-03-15-JGV_40-Pino-Marotta-scaled.jpg?w=157&#038;h=236&#038;ssl=1\" width=\"157\" height=\"236\" data-original-width=\"157\" data-original-height=\"236\" itemprop=\"http:\/\/schema.org\/image\" title=\"2025-03-15 (JGV)_40 (Pino Marotta)\" alt=\"Pino Marotta (40)\" style=\"width: 157px; height: 236px;\" \/> <\/a> <div class=\"tiled-gallery-caption\" itemprop=\"caption description\"> Pino Marotta (40) <\/div> <\/div> <\/div> <!-- close group --> <div class=\"gallery-group images-1\" style=\"width: 161px; height: 240px;\" data-original-width=\"161\" data-original-height=\"240\" > <div class=\"tiled-gallery-item tiled-gallery-item-small\" itemprop=\"associatedMedia\" itemscope itemtype=\"http:\/\/schema.org\/ImageObject\"> <a href=\"https:\/\/i0.wp.com\/www.radiowest.it\/wp-content\/uploads\/2025\/04\/2025-03-15-JGV_40-Stefano-Curletti-scaled.jpg?ssl=1\" border=\"0\" itemprop=\"url\"> <meta itemprop=\"width\" content=\"157\"> <meta itemprop=\"height\" content=\"236\"> <img loading=\"lazy\" data-attachment-id=\"7055\" data-orig-file=\"https:\/\/www.radiowest.it\/wp-content\/uploads\/2025\/04\/2025-03-15-JGV_40-Stefano-Curletti-scaled.jpg\" data-orig-size=\"1707,2560\" data-comments-opened=\"1\" data-image-meta=\"{&quot;aperture&quot;:&quot;0&quot;,&quot;credit&quot;:&quot;&quot;,&quot;camera&quot;:&quot;&quot;,&quot;caption&quot;:&quot;&quot;,&quot;created_timestamp&quot;:&quot;1742082662&quot;,&quot;copyright&quot;:&quot;&quot;,&quot;focal_length&quot;:&quot;0&quot;,&quot;iso&quot;:&quot;0&quot;,&quot;shutter_speed&quot;:&quot;0&quot;,&quot;title&quot;:&quot;&quot;,&quot;orientation&quot;:&quot;0&quot;}\" data-image-title=\"2025-03-15 (JGV)_40 (Stefano Curletti)\" data-image-description=\"\" data-medium-file=\"https:\/\/i0.wp.com\/www.radiowest.it\/wp-content\/uploads\/2025\/04\/2025-03-15-JGV_40-Stefano-Curletti-scaled.jpg?fit=200%2C300&#038;ssl=1\" data-large-file=\"https:\/\/i0.wp.com\/www.radiowest.it\/wp-content\/uploads\/2025\/04\/2025-03-15-JGV_40-Stefano-Curletti-scaled.jpg?fit=683%2C1024&#038;ssl=1\" src=\"https:\/\/i0.wp.com\/www.radiowest.it\/wp-content\/uploads\/2025\/04\/2025-03-15-JGV_40-Stefano-Curletti-scaled.jpg?w=157&#038;h=236&#038;ssl=1\" width=\"157\" height=\"236\" data-original-width=\"157\" data-original-height=\"236\" itemprop=\"http:\/\/schema.org\/image\" title=\"2025-03-15 (JGV)_40 (Stefano Curletti)\" alt=\"Stefano Curletti (40)\" style=\"width: 157px; height: 236px;\" \/> <\/a> <div class=\"tiled-gallery-caption\" itemprop=\"caption description\"> Stefano Curletti (40) <\/div> <\/div> <\/div> <!-- close group --> <div class=\"gallery-group images-1\" style=\"width: 358px; height: 240px;\" data-original-width=\"358\" data-original-height=\"240\" > <div class=\"tiled-gallery-item tiled-gallery-item-large\" itemprop=\"associatedMedia\" itemscope itemtype=\"http:\/\/schema.org\/ImageObject\"> <a href=\"https:\/\/i0.wp.com\/www.radiowest.it\/wp-content\/uploads\/2025\/04\/2025-03-15-JGV_Amoricana-Alessio-Medani-scaled.jpg?ssl=1\" border=\"0\" itemprop=\"url\"> <meta itemprop=\"width\" content=\"354\"> <meta itemprop=\"height\" content=\"236\"> <img loading=\"lazy\" data-attachment-id=\"7056\" data-orig-file=\"https:\/\/www.radiowest.it\/wp-content\/uploads\/2025\/04\/2025-03-15-JGV_Amoricana-Alessio-Medani-scaled.jpg\" data-orig-size=\"2560,1707\" data-comments-opened=\"1\" data-image-meta=\"{&quot;aperture&quot;:&quot;0&quot;,&quot;credit&quot;:&quot;&quot;,&quot;camera&quot;:&quot;&quot;,&quot;caption&quot;:&quot;&quot;,&quot;created_timestamp&quot;:&quot;1742078428&quot;,&quot;copyright&quot;:&quot;&quot;,&quot;focal_length&quot;:&quot;0&quot;,&quot;iso&quot;:&quot;0&quot;,&quot;shutter_speed&quot;:&quot;0&quot;,&quot;title&quot;:&quot;&quot;,&quot;orientation&quot;:&quot;0&quot;}\" data-image-title=\"2025-03-15 (JGV)_Amoricana (Alessio Medani)\" data-image-description=\"\" data-medium-file=\"https:\/\/i0.wp.com\/www.radiowest.it\/wp-content\/uploads\/2025\/04\/2025-03-15-JGV_Amoricana-Alessio-Medani-scaled.jpg?fit=300%2C200&#038;ssl=1\" data-large-file=\"https:\/\/i0.wp.com\/www.radiowest.it\/wp-content\/uploads\/2025\/04\/2025-03-15-JGV_Amoricana-Alessio-Medani-scaled.jpg?fit=1024%2C683&#038;ssl=1\" src=\"https:\/\/i0.wp.com\/www.radiowest.it\/wp-content\/uploads\/2025\/04\/2025-03-15-JGV_Amoricana-Alessio-Medani-scaled.jpg?w=354&#038;h=236&#038;ssl=1\" width=\"354\" height=\"236\" data-original-width=\"354\" data-original-height=\"236\" itemprop=\"http:\/\/schema.org\/image\" title=\"2025-03-15 (JGV)_Amoricana (Alessio Medani)\" alt=\"Alessio Medani (Amoricana)\" style=\"width: 354px; height: 236px;\" \/> <\/a> <div class=\"tiled-gallery-caption\" itemprop=\"caption description\"> Alessio Medani (Amoricana) <\/div> <\/div> <\/div> <!-- close group --> <div class=\"gallery-group images-1\" style=\"width: 358px; height: 240px;\" data-original-width=\"358\" data-original-height=\"240\" > <div class=\"tiled-gallery-item tiled-gallery-item-large\" itemprop=\"associatedMedia\" itemscope itemtype=\"http:\/\/schema.org\/ImageObject\"> <a href=\"https:\/\/i0.wp.com\/www.radiowest.it\/wp-content\/uploads\/2025\/04\/2025-03-15-JGV_Amoricana-Emilio-Cornaglia-scaled.jpg?ssl=1\" border=\"0\" itemprop=\"url\"> <meta itemprop=\"width\" content=\"354\"> <meta itemprop=\"height\" content=\"236\"> <img loading=\"lazy\" data-attachment-id=\"7058\" data-orig-file=\"https:\/\/www.radiowest.it\/wp-content\/uploads\/2025\/04\/2025-03-15-JGV_Amoricana-Emilio-Cornaglia-scaled.jpg\" data-orig-size=\"2560,1707\" data-comments-opened=\"1\" data-image-meta=\"{&quot;aperture&quot;:&quot;0&quot;,&quot;credit&quot;:&quot;&quot;,&quot;camera&quot;:&quot;&quot;,&quot;caption&quot;:&quot;&quot;,&quot;created_timestamp&quot;:&quot;1742079527&quot;,&quot;copyright&quot;:&quot;&quot;,&quot;focal_length&quot;:&quot;0&quot;,&quot;iso&quot;:&quot;0&quot;,&quot;shutter_speed&quot;:&quot;0&quot;,&quot;title&quot;:&quot;&quot;,&quot;orientation&quot;:&quot;0&quot;}\" data-image-title=\"2025-03-15 (JGV)_Amoricana (Emilio Cornaglia)\" data-image-description=\"\" data-medium-file=\"https:\/\/i0.wp.com\/www.radiowest.it\/wp-content\/uploads\/2025\/04\/2025-03-15-JGV_Amoricana-Emilio-Cornaglia-scaled.jpg?fit=300%2C200&#038;ssl=1\" data-large-file=\"https:\/\/i0.wp.com\/www.radiowest.it\/wp-content\/uploads\/2025\/04\/2025-03-15-JGV_Amoricana-Emilio-Cornaglia-scaled.jpg?fit=1024%2C683&#038;ssl=1\" src=\"https:\/\/i0.wp.com\/www.radiowest.it\/wp-content\/uploads\/2025\/04\/2025-03-15-JGV_Amoricana-Emilio-Cornaglia-scaled.jpg?w=354&#038;h=236&#038;ssl=1\" width=\"354\" height=\"236\" data-original-width=\"354\" data-original-height=\"236\" itemprop=\"http:\/\/schema.org\/image\" title=\"2025-03-15 (JGV)_Amoricana (Emilio Cornaglia)\" alt=\"Emilio Cornaglia (Amoricana)\" style=\"width: 354px; height: 236px;\" \/> <\/a> <div class=\"tiled-gallery-caption\" itemprop=\"caption description\"> Emilio Cornaglia (Amoricana) <\/div> <\/div> <\/div> <!-- close group --> <\/div> <!-- close row --> <div class=\"gallery-row\" style=\"width: 1200px; height: 362px;\" data-original-width=\"1200\" data-original-height=\"362\" > <div class=\"gallery-group images-1\" style=\"width: 471px; height: 362px;\" data-original-width=\"471\" data-original-height=\"362\" > <div class=\"tiled-gallery-item tiled-gallery-item-large\" itemprop=\"associatedMedia\" itemscope itemtype=\"http:\/\/schema.org\/ImageObject\"> <a href=\"https:\/\/i0.wp.com\/www.radiowest.it\/wp-content\/uploads\/2025\/04\/2025-03-15-JGV_Amoricana-Fortunato-Grillo-scaled.jpg?ssl=1\" border=\"0\" itemprop=\"url\"> <meta itemprop=\"width\" content=\"467\"> <meta itemprop=\"height\" content=\"358\"> <img loading=\"lazy\" data-attachment-id=\"7059\" data-orig-file=\"https:\/\/www.radiowest.it\/wp-content\/uploads\/2025\/04\/2025-03-15-JGV_Amoricana-Fortunato-Grillo-scaled.jpg\" data-orig-size=\"2560,1965\" data-comments-opened=\"1\" data-image-meta=\"{&quot;aperture&quot;:&quot;0&quot;,&quot;credit&quot;:&quot;&quot;,&quot;camera&quot;:&quot;&quot;,&quot;caption&quot;:&quot;&quot;,&quot;created_timestamp&quot;:&quot;1742077878&quot;,&quot;copyright&quot;:&quot;&quot;,&quot;focal_length&quot;:&quot;0&quot;,&quot;iso&quot;:&quot;0&quot;,&quot;shutter_speed&quot;:&quot;0&quot;,&quot;title&quot;:&quot;&quot;,&quot;orientation&quot;:&quot;0&quot;}\" data-image-title=\"2025-03-15 (JGV)_Amoricana (Fortunato Grillo)\" data-image-description=\"\" data-medium-file=\"https:\/\/i0.wp.com\/www.radiowest.it\/wp-content\/uploads\/2025\/04\/2025-03-15-JGV_Amoricana-Fortunato-Grillo-scaled.jpg?fit=300%2C230&#038;ssl=1\" data-large-file=\"https:\/\/i0.wp.com\/www.radiowest.it\/wp-content\/uploads\/2025\/04\/2025-03-15-JGV_Amoricana-Fortunato-Grillo-scaled.jpg?fit=1024%2C786&#038;ssl=1\" src=\"https:\/\/i0.wp.com\/www.radiowest.it\/wp-content\/uploads\/2025\/04\/2025-03-15-JGV_Amoricana-Fortunato-Grillo-scaled.jpg?w=467&#038;h=358&#038;ssl=1\" width=\"467\" height=\"358\" data-original-width=\"467\" data-original-height=\"358\" itemprop=\"http:\/\/schema.org\/image\" title=\"2025-03-15 (JGV)_Amoricana (Fortunato Grillo)\" alt=\"Fortunato Grillo (Amoricana)\" style=\"width: 467px; height: 358px;\" \/> <\/a> <div class=\"tiled-gallery-caption\" itemprop=\"caption description\"> Fortunato Grillo (Amoricana) <\/div> <\/div> <\/div> <!-- close group --> <div class=\"gallery-group images-1\" style=\"width: 243px; height: 362px;\" data-original-width=\"243\" data-original-height=\"362\" > <div class=\"tiled-gallery-item tiled-gallery-item-small\" itemprop=\"associatedMedia\" itemscope itemtype=\"http:\/\/schema.org\/ImageObject\"> <a href=\"https:\/\/i0.wp.com\/www.radiowest.it\/wp-content\/uploads\/2025\/04\/2025-03-15-JGV_Amoricana-Rocco-Tinelli-scaled.jpg?ssl=1\" border=\"0\" itemprop=\"url\"> <meta itemprop=\"width\" content=\"239\"> <meta itemprop=\"height\" content=\"358\"> <img loading=\"lazy\" data-attachment-id=\"7060\" data-orig-file=\"https:\/\/www.radiowest.it\/wp-content\/uploads\/2025\/04\/2025-03-15-JGV_Amoricana-Rocco-Tinelli-scaled.jpg\" data-orig-size=\"1707,2560\" data-comments-opened=\"1\" data-image-meta=\"{&quot;aperture&quot;:&quot;0&quot;,&quot;credit&quot;:&quot;&quot;,&quot;camera&quot;:&quot;&quot;,&quot;caption&quot;:&quot;&quot;,&quot;created_timestamp&quot;:&quot;1742078095&quot;,&quot;copyright&quot;:&quot;&quot;,&quot;focal_length&quot;:&quot;0&quot;,&quot;iso&quot;:&quot;0&quot;,&quot;shutter_speed&quot;:&quot;0&quot;,&quot;title&quot;:&quot;&quot;,&quot;orientation&quot;:&quot;0&quot;}\" data-image-title=\"2025-03-15 (JGV)_Amoricana (Rocco Tinelli)\" data-image-description=\"\" data-medium-file=\"https:\/\/i0.wp.com\/www.radiowest.it\/wp-content\/uploads\/2025\/04\/2025-03-15-JGV_Amoricana-Rocco-Tinelli-scaled.jpg?fit=200%2C300&#038;ssl=1\" data-large-file=\"https:\/\/i0.wp.com\/www.radiowest.it\/wp-content\/uploads\/2025\/04\/2025-03-15-JGV_Amoricana-Rocco-Tinelli-scaled.jpg?fit=683%2C1024&#038;ssl=1\" src=\"https:\/\/i0.wp.com\/www.radiowest.it\/wp-content\/uploads\/2025\/04\/2025-03-15-JGV_Amoricana-Rocco-Tinelli-scaled.jpg?w=239&#038;h=358&#038;ssl=1\" width=\"239\" height=\"358\" data-original-width=\"239\" data-original-height=\"358\" itemprop=\"http:\/\/schema.org\/image\" title=\"2025-03-15 (JGV)_Amoricana (Rocco Tinelli)\" alt=\"Rocco Tinelli (Amoricana)\" style=\"width: 239px; height: 358px;\" \/> <\/a> <div class=\"tiled-gallery-caption\" itemprop=\"caption description\"> Rocco Tinelli (Amoricana) <\/div> <\/div> <\/div> <!-- close group --> <div class=\"gallery-group images-1\" style=\"width: 243px; height: 362px;\" data-original-width=\"243\" data-original-height=\"362\" > <div class=\"tiled-gallery-item tiled-gallery-item-small\" itemprop=\"associatedMedia\" itemscope itemtype=\"http:\/\/schema.org\/ImageObject\"> <a href=\"https:\/\/i0.wp.com\/www.radiowest.it\/wp-content\/uploads\/2025\/04\/2025-03-15-JGV_Palmiro-Gianni-Onori-scaled.jpg?ssl=1\" border=\"0\" itemprop=\"url\"> <meta itemprop=\"width\" content=\"239\"> <meta itemprop=\"height\" content=\"358\"> <img loading=\"lazy\" data-attachment-id=\"7061\" data-orig-file=\"https:\/\/www.radiowest.it\/wp-content\/uploads\/2025\/04\/2025-03-15-JGV_Palmiro-Gianni-Onori-scaled.jpg\" data-orig-size=\"1707,2560\" data-comments-opened=\"1\" data-image-meta=\"{&quot;aperture&quot;:&quot;0&quot;,&quot;credit&quot;:&quot;&quot;,&quot;camera&quot;:&quot;&quot;,&quot;caption&quot;:&quot;&quot;,&quot;created_timestamp&quot;:&quot;1742080784&quot;,&quot;copyright&quot;:&quot;&quot;,&quot;focal_length&quot;:&quot;0&quot;,&quot;iso&quot;:&quot;0&quot;,&quot;shutter_speed&quot;:&quot;0&quot;,&quot;title&quot;:&quot;&quot;,&quot;orientation&quot;:&quot;0&quot;}\" data-image-title=\"2025-03-15 (JGV)_Palmiro (Gianni Onori)\" data-image-description=\"\" data-medium-file=\"https:\/\/i0.wp.com\/www.radiowest.it\/wp-content\/uploads\/2025\/04\/2025-03-15-JGV_Palmiro-Gianni-Onori-scaled.jpg?fit=200%2C300&#038;ssl=1\" data-large-file=\"https:\/\/i0.wp.com\/www.radiowest.it\/wp-content\/uploads\/2025\/04\/2025-03-15-JGV_Palmiro-Gianni-Onori-scaled.jpg?fit=683%2C1024&#038;ssl=1\" src=\"https:\/\/i0.wp.com\/www.radiowest.it\/wp-content\/uploads\/2025\/04\/2025-03-15-JGV_Palmiro-Gianni-Onori-scaled.jpg?w=239&#038;h=358&#038;ssl=1\" width=\"239\" height=\"358\" data-original-width=\"239\" data-original-height=\"358\" itemprop=\"http:\/\/schema.org\/image\" title=\"2025-03-15 (JGV)_Palmiro (Gianni Onori)\" alt=\"Gianni Onori (Palmiro e i suoi Togliatti)\" style=\"width: 239px; height: 358px;\" \/> <\/a> <div class=\"tiled-gallery-caption\" itemprop=\"caption description\"> Gianni Onori (Palmiro e i suoi Togliatti) <\/div> <\/div> <\/div> <!-- close group --> <div class=\"gallery-group images-1\" style=\"width: 243px; height: 362px;\" data-original-width=\"243\" data-original-height=\"362\" > <div class=\"tiled-gallery-item tiled-gallery-item-small\" itemprop=\"associatedMedia\" itemscope itemtype=\"http:\/\/schema.org\/ImageObject\"> <a href=\"https:\/\/i0.wp.com\/www.radiowest.it\/wp-content\/uploads\/2025\/04\/2025-03-15-JGV_Palmiro-Lucrezia-Roggero-scaled.jpg?ssl=1\" border=\"0\" itemprop=\"url\"> <meta itemprop=\"width\" content=\"239\"> <meta itemprop=\"height\" content=\"358\"> <img loading=\"lazy\" data-attachment-id=\"7062\" data-orig-file=\"https:\/\/www.radiowest.it\/wp-content\/uploads\/2025\/04\/2025-03-15-JGV_Palmiro-Lucrezia-Roggero-scaled.jpg\" data-orig-size=\"1707,2560\" data-comments-opened=\"1\" data-image-meta=\"{&quot;aperture&quot;:&quot;0&quot;,&quot;credit&quot;:&quot;&quot;,&quot;camera&quot;:&quot;&quot;,&quot;caption&quot;:&quot;&quot;,&quot;created_timestamp&quot;:&quot;1742080809&quot;,&quot;copyright&quot;:&quot;&quot;,&quot;focal_length&quot;:&quot;0&quot;,&quot;iso&quot;:&quot;0&quot;,&quot;shutter_speed&quot;:&quot;0&quot;,&quot;title&quot;:&quot;&quot;,&quot;orientation&quot;:&quot;0&quot;}\" data-image-title=\"2025-03-15 (JGV)_Palmiro (Lucrezia Roggero)\" data-image-description=\"\" data-medium-file=\"https:\/\/i0.wp.com\/www.radiowest.it\/wp-content\/uploads\/2025\/04\/2025-03-15-JGV_Palmiro-Lucrezia-Roggero-scaled.jpg?fit=200%2C300&#038;ssl=1\" data-large-file=\"https:\/\/i0.wp.com\/www.radiowest.it\/wp-content\/uploads\/2025\/04\/2025-03-15-JGV_Palmiro-Lucrezia-Roggero-scaled.jpg?fit=683%2C1024&#038;ssl=1\" src=\"https:\/\/i0.wp.com\/www.radiowest.it\/wp-content\/uploads\/2025\/04\/2025-03-15-JGV_Palmiro-Lucrezia-Roggero-scaled.jpg?w=239&#038;h=358&#038;ssl=1\" width=\"239\" height=\"358\" data-original-width=\"239\" data-original-height=\"358\" itemprop=\"http:\/\/schema.org\/image\" title=\"2025-03-15 (JGV)_Palmiro (Lucrezia Roggero)\" alt=\"Lucrezia Roggero (Palmiro e i suoi Togliatti)\" style=\"width: 239px; height: 358px;\" \/> <\/a> <div class=\"tiled-gallery-caption\" itemprop=\"caption description\"> Lucrezia Roggero (Palmiro e i suoi Togliatti) <\/div> <\/div> <\/div> <!-- close group --> <\/div> <!-- close row --> <div class=\"gallery-row\" style=\"width: 1200px; height: 913px;\" data-original-width=\"1200\" data-original-height=\"913\" > <div class=\"gallery-group images-1\" style=\"width: 610px; height: 913px;\" data-original-width=\"610\" data-original-height=\"913\" > <div class=\"tiled-gallery-item tiled-gallery-item-large\" itemprop=\"associatedMedia\" itemscope itemtype=\"http:\/\/schema.org\/ImageObject\"> <a href=\"https:\/\/i0.wp.com\/www.radiowest.it\/wp-content\/uploads\/2025\/04\/2025-03-15-JGV_Palmiro-Marcello-Rava-scaled.jpg?ssl=1\" border=\"0\" itemprop=\"url\"> <meta itemprop=\"width\" content=\"606\"> <meta itemprop=\"height\" content=\"909\"> <img loading=\"lazy\" data-attachment-id=\"7063\" data-orig-file=\"https:\/\/www.radiowest.it\/wp-content\/uploads\/2025\/04\/2025-03-15-JGV_Palmiro-Marcello-Rava-scaled.jpg\" data-orig-size=\"1707,2560\" data-comments-opened=\"1\" data-image-meta=\"{&quot;aperture&quot;:&quot;0&quot;,&quot;credit&quot;:&quot;&quot;,&quot;camera&quot;:&quot;&quot;,&quot;caption&quot;:&quot;&quot;,&quot;created_timestamp&quot;:&quot;1742080826&quot;,&quot;copyright&quot;:&quot;&quot;,&quot;focal_length&quot;:&quot;0&quot;,&quot;iso&quot;:&quot;0&quot;,&quot;shutter_speed&quot;:&quot;0&quot;,&quot;title&quot;:&quot;&quot;,&quot;orientation&quot;:&quot;0&quot;}\" data-image-title=\"2025-03-15 (JGV)_Palmiro (Marcello Rava)\" data-image-description=\"\" data-medium-file=\"https:\/\/i0.wp.com\/www.radiowest.it\/wp-content\/uploads\/2025\/04\/2025-03-15-JGV_Palmiro-Marcello-Rava-scaled.jpg?fit=200%2C300&#038;ssl=1\" data-large-file=\"https:\/\/i0.wp.com\/www.radiowest.it\/wp-content\/uploads\/2025\/04\/2025-03-15-JGV_Palmiro-Marcello-Rava-scaled.jpg?fit=683%2C1024&#038;ssl=1\" src=\"https:\/\/i0.wp.com\/www.radiowest.it\/wp-content\/uploads\/2025\/04\/2025-03-15-JGV_Palmiro-Marcello-Rava-scaled.jpg?w=606&#038;h=909&#038;ssl=1\" width=\"606\" height=\"909\" data-original-width=\"606\" data-original-height=\"909\" itemprop=\"http:\/\/schema.org\/image\" title=\"2025-03-15 (JGV)_Palmiro (Marcello Rava)\" alt=\"Marcello Rava (Palmiro e i suoi Toglietti)\" style=\"width: 606px; height: 909px;\" \/> <\/a> <div class=\"tiled-gallery-caption\" itemprop=\"caption description\"> Marcello Rava (Palmiro e i suoi Toglietti) <\/div> <\/div> <\/div> <!-- close group --> <div class=\"gallery-group images-2\" style=\"width: 590px; height: 913px;\" data-original-width=\"590\" data-original-height=\"913\" > <div class=\"tiled-gallery-item tiled-gallery-item-large\" itemprop=\"associatedMedia\" itemscope itemtype=\"http:\/\/schema.org\/ImageObject\"> <a href=\"https:\/\/i0.wp.com\/www.radiowest.it\/wp-content\/uploads\/2025\/04\/2025-03-15-JGV_Amoricana-Emanuele-Rava-scaled.jpg?ssl=1\" border=\"0\" itemprop=\"url\"> <meta itemprop=\"width\" content=\"586\"> <meta itemprop=\"height\" content=\"390\"> <img loading=\"lazy\" data-attachment-id=\"7064\" data-orig-file=\"https:\/\/www.radiowest.it\/wp-content\/uploads\/2025\/04\/2025-03-15-JGV_Amoricana-Emanuele-Rava-scaled.jpg\" data-orig-size=\"2560,1707\" data-comments-opened=\"1\" data-image-meta=\"{&quot;aperture&quot;:&quot;0&quot;,&quot;credit&quot;:&quot;&quot;,&quot;camera&quot;:&quot;&quot;,&quot;caption&quot;:&quot;&quot;,&quot;created_timestamp&quot;:&quot;1742079486&quot;,&quot;copyright&quot;:&quot;&quot;,&quot;focal_length&quot;:&quot;0&quot;,&quot;iso&quot;:&quot;0&quot;,&quot;shutter_speed&quot;:&quot;0&quot;,&quot;title&quot;:&quot;&quot;,&quot;orientation&quot;:&quot;0&quot;}\" data-image-title=\"2025-03-15 (JGV)_Amoricana (Emanuele Rava)\" data-image-description=\"\" data-medium-file=\"https:\/\/i0.wp.com\/www.radiowest.it\/wp-content\/uploads\/2025\/04\/2025-03-15-JGV_Amoricana-Emanuele-Rava-scaled.jpg?fit=300%2C200&#038;ssl=1\" data-large-file=\"https:\/\/i0.wp.com\/www.radiowest.it\/wp-content\/uploads\/2025\/04\/2025-03-15-JGV_Amoricana-Emanuele-Rava-scaled.jpg?fit=1024%2C683&#038;ssl=1\" src=\"https:\/\/i0.wp.com\/www.radiowest.it\/wp-content\/uploads\/2025\/04\/2025-03-15-JGV_Amoricana-Emanuele-Rava-scaled.jpg?w=586&#038;h=390&#038;ssl=1\" width=\"586\" height=\"390\" data-original-width=\"586\" data-original-height=\"390\" itemprop=\"http:\/\/schema.org\/image\" title=\"2025-03-15 (JGV)_Amoricana (Emanuele Rava)\" alt=\"Emanuele Rava (Amoricana \/ Palmiro)\" style=\"width: 586px; height: 390px;\" \/> <\/a> <div class=\"tiled-gallery-caption\" itemprop=\"caption description\"> Emanuele Rava (Amoricana \/ Palmiro) <\/div> <\/div> <div class=\"tiled-gallery-item tiled-gallery-item-large\" itemprop=\"associatedMedia\" itemscope itemtype=\"http:\/\/schema.org\/ImageObject\"> <a href=\"https:\/\/i0.wp.com\/www.radiowest.it\/wp-content\/uploads\/2025\/04\/2025-03-15-JGV_40-Guglielmo-Rossetto-scaled.jpg?ssl=1\" border=\"0\" itemprop=\"url\"> <meta itemprop=\"width\" content=\"586\"> <meta itemprop=\"height\" content=\"515\"> <img loading=\"lazy\" data-attachment-id=\"7071\" data-orig-file=\"https:\/\/www.radiowest.it\/wp-content\/uploads\/2025\/04\/2025-03-15-JGV_40-Guglielmo-Rossetto-scaled.jpg\" data-orig-size=\"2560,2249\" data-comments-opened=\"1\" data-image-meta=\"{&quot;aperture&quot;:&quot;0&quot;,&quot;credit&quot;:&quot;&quot;,&quot;camera&quot;:&quot;&quot;,&quot;caption&quot;:&quot;&quot;,&quot;created_timestamp&quot;:&quot;1742083032&quot;,&quot;copyright&quot;:&quot;&quot;,&quot;focal_length&quot;:&quot;0&quot;,&quot;iso&quot;:&quot;0&quot;,&quot;shutter_speed&quot;:&quot;0&quot;,&quot;title&quot;:&quot;&quot;,&quot;orientation&quot;:&quot;0&quot;}\" data-image-title=\"2025-03-15 (JGV)_40 (Guglielmo Rossetto)\" data-image-description=\"\" data-medium-file=\"https:\/\/i0.wp.com\/www.radiowest.it\/wp-content\/uploads\/2025\/04\/2025-03-15-JGV_40-Guglielmo-Rossetto-scaled.jpg?fit=300%2C264&#038;ssl=1\" data-large-file=\"https:\/\/i0.wp.com\/www.radiowest.it\/wp-content\/uploads\/2025\/04\/2025-03-15-JGV_40-Guglielmo-Rossetto-scaled.jpg?fit=1024%2C900&#038;ssl=1\" src=\"https:\/\/i0.wp.com\/www.radiowest.it\/wp-content\/uploads\/2025\/04\/2025-03-15-JGV_40-Guglielmo-Rossetto-scaled.jpg?w=586&#038;h=515&#038;ssl=1\" width=\"586\" height=\"515\" data-original-width=\"586\" data-original-height=\"515\" itemprop=\"http:\/\/schema.org\/image\" title=\"2025-03-15 (JGV)_40 (Guglielmo Rossetto)\" alt=\"2025-03-15 (JGV)_40 (Guglielmo Rossetto)\" style=\"width: 586px; height: 515px;\" \/> <\/a> <\/div> <\/div> <!-- close group --> <\/div> <!-- close row --> <\/div>\t\t<\/div>\n\t\t\t\t<\/div>\n\t\t\t\t<\/div>\n\t\t\t\t<div class=\"elementor-element elementor-element-f693f06 elementor-widget-divider--view-line elementor-widget elementor-widget-divider\" data-id=\"f693f06\" data-element_type=\"widget\" data-widget_type=\"divider.default\">\n\t\t\t\t<div class=\"elementor-widget-container\">\n\t\t\t\t\t<div class=\"elementor-divider\">\n\t\t\t<span class=\"elementor-divider-separator\">\n\t\t\t\t\t\t<\/span>\n\t\t<\/div>\n\t\t\t\t<\/div>\n\t\t\t\t<\/div>\n\t\t\t\t<div class=\"elementor-element elementor-element-45d1247 elementor-widget elementor-widget-heading\" data-id=\"45d1247\" data-element_type=\"widget\" data-widget_type=\"heading.default\">\n\t\t\t\t<div class=\"elementor-widget-container\">\n\t\t\t<h2 class=\"elementor-heading-title elementor-size-default\">L'associazione MRIDA in India<\/h2>\t\t<\/div>\n\t\t\t\t<\/div>\n\t\t\t\t<div class=\"elementor-element elementor-element-d33a10c elementor-widget elementor-widget-text-editor\" data-id=\"d33a10c\" data-element_type=\"widget\" data-widget_type=\"text-editor.default\">\n\t\t\t\t<div class=\"elementor-widget-container\">\n\t\t\t\t\t\t\t\t<div class=\"elementor-text-editor elementor-clearfix\">\n\t\t\t\t<p><span style=\"font-family: Arial, sans-serif;\">Il ricordo di Ded\u00e8 non si esaurisce con la musica, ma si estende a iniziative di importante valore sociale: insieme ai figli Mattia e Luca, i vecchi amici di Radio West gi\u00e0 lo scorso anno si erano attivati per stabilire un contatto con <a href=\"https:\/\/mrida.org\">MRIDA<\/a>, un\u2019associazione operativa in India che si propone di realizzare il sogno di un&#8217;istruzione migliore e le aspirazioni lavorative dei bambini provenienti da remote aree rurali del paese. L\u2019Associazione Radio West ha s\u00f9bito aderito con slancio all\u2019iniziativa, partendo con una prima raccolta fondi tramite i clienti e gli amici del Molto pi\u00f9 Fermento. I proventi (\u20ac 1.600) sono stati versati a MRIDA il 5 novembre scorso. La serata &#8220;Just Good Vibes&#8221; ha consolidato questo cammino, raccogliendo altre risorse.<\/span><\/p><p><span style=\"font-family: Arial, sans-serif;\">Pi\u00f9 nel dettaglio, i programmi di intervento di MRIDA stanno facilitando il cambiamento nell&#8217;educazione di quelle zone e trasformando la vita dei bambini. I progetti di base dell&#8217;associazione si concentrano sull&#8217;apprendimento contestuale e sullo sviluppo di abilit\u00e0 nello sport (in particolare nel calcio, nella robotica e nella programmazione informatica). Partendo dalla formazione professionale e dalle competenze degli studenti delle scuole medie e superiori, MRIDA apre loro la strada per diventare calciatori professionisti, allenatori sportivi, programmatori, agricoltori e imprenditori. Insomma, accompagna le comunit\u00e0 a migliorare il reddito e la salute, per costruire un futuro migliore.<\/span><\/p>\t\t\t\t\t<\/div>\n\t\t\t\t\t\t<\/div>\n\t\t\t\t<\/div>\n\t\t\t\t<div class=\"elementor-element elementor-element-0742652 elementor-widget-divider--view-line elementor-widget elementor-widget-divider\" data-id=\"0742652\" data-element_type=\"widget\" data-widget_type=\"divider.default\">\n\t\t\t\t<div class=\"elementor-widget-container\">\n\t\t\t\t\t<div class=\"elementor-divider\">\n\t\t\t<span class=\"elementor-divider-separator\">\n\t\t\t\t\t\t<\/span>\n\t\t<\/div>\n\t\t\t\t<\/div>\n\t\t\t\t<\/div>\n\t\t\t\t<div class=\"elementor-element elementor-element-7bece35 elementor-widget elementor-widget-heading\" data-id=\"7bece35\" data-element_type=\"widget\" data-widget_type=\"heading.default\">\n\t\t\t\t<div class=\"elementor-widget-container\">\n\t\t\t<h2 class=\"elementor-heading-title elementor-size-default\">La locandina<\/h2>\t\t<\/div>\n\t\t\t\t<\/div>\n\t\t\t\t<div class=\"elementor-element elementor-element-c1de8f7 gallery-spacing-custom elementor-widget elementor-widget-image-gallery\" data-id=\"c1de8f7\" data-element_type=\"widget\" data-widget_type=\"image-gallery.default\">\n\t\t\t\t<div class=\"elementor-widget-container\">\n\t\t\t\t\t<div class=\"elementor-image-gallery\">\n\t\t\t<div class=\"tiled-gallery type-rectangular tiled-gallery-unresized\" data-original-width=\"1200\" data-carousel-extra='null' itemscope itemtype=\"http:\/\/schema.org\/ImageGallery\" > <div class=\"gallery-row\" style=\"width: 1200px; height: 1696px;\" data-original-width=\"1200\" data-original-height=\"1696\" > <div class=\"gallery-group images-1\" style=\"width: 1200px; height: 1696px;\" data-original-width=\"1200\" data-original-height=\"1696\" > <div class=\"tiled-gallery-item tiled-gallery-item-large\" itemprop=\"associatedMedia\" itemscope itemtype=\"http:\/\/schema.org\/ImageObject\"> <a href=\"https:\/\/i0.wp.com\/www.radiowest.it\/wp-content\/uploads\/2025\/02\/IMG-20250227-WA0006.jpg?ssl=1\" border=\"0\" itemprop=\"url\"> <meta itemprop=\"width\" content=\"1196\"> <meta itemprop=\"height\" content=\"1692\"> <img loading=\"lazy\" data-attachment-id=\"6946\" data-orig-file=\"https:\/\/www.radiowest.it\/wp-content\/uploads\/2025\/02\/IMG-20250227-WA0006.jpg\" data-orig-size=\"905,1280\" data-comments-opened=\"1\" data-image-meta=\"{&quot;aperture&quot;:&quot;0&quot;,&quot;credit&quot;:&quot;&quot;,&quot;camera&quot;:&quot;&quot;,&quot;caption&quot;:&quot;&quot;,&quot;created_timestamp&quot;:&quot;0&quot;,&quot;copyright&quot;:&quot;&quot;,&quot;focal_length&quot;:&quot;0&quot;,&quot;iso&quot;:&quot;0&quot;,&quot;shutter_speed&quot;:&quot;0&quot;,&quot;title&quot;:&quot;&quot;,&quot;orientation&quot;:&quot;0&quot;}\" data-image-title=\"IMG-20250227-WA0006\" data-image-description=\"\" data-medium-file=\"https:\/\/i0.wp.com\/www.radiowest.it\/wp-content\/uploads\/2025\/02\/IMG-20250227-WA0006.jpg?fit=212%2C300&#038;ssl=1\" data-large-file=\"https:\/\/i0.wp.com\/www.radiowest.it\/wp-content\/uploads\/2025\/02\/IMG-20250227-WA0006.jpg?fit=724%2C1024&#038;ssl=1\" src=\"https:\/\/i0.wp.com\/www.radiowest.it\/wp-content\/uploads\/2025\/02\/IMG-20250227-WA0006.jpg?w=1196&#038;h=1692&#038;ssl=1\" width=\"1196\" height=\"1692\" data-original-width=\"1196\" data-original-height=\"1692\" itemprop=\"http:\/\/schema.org\/image\" title=\"IMG-20250227-WA0006\" alt=\"IMG-20250227-WA0006\" style=\"width: 1196px; height: 1692px;\" \/> <\/a> <\/div> <\/div> <!-- close group --> <\/div> <!-- close row --> <\/div>\t\t<\/div>\n\t\t\t\t<\/div>\n\t\t\t\t<\/div>\n\t\t\t\t\t\t<\/div>\n\t\t\t\t\t<\/div>\n\t\t<\/div>\n\t\t\t\t\t\t\t\t<\/div>\n\t\t\t\t\t<\/div>\n\t\t<\/section>\n\t\t\t\t<section class=\"elementor-section elementor-top-section elementor-element elementor-element-f7a6523 elementor-section-boxed elementor-section-height-default elementor-section-height-default\" data-id=\"f7a6523\" data-element_type=\"section\">\n\t\t\t\t\t\t<div class=\"elementor-container elementor-column-gap-default\">\n\t\t\t\t\t\t\t<div class=\"elementor-row\">\n\t\t\t\t\t<div class=\"elementor-column elementor-col-100 elementor-top-column elementor-element elementor-element-7ed4392\" data-id=\"7ed4392\" data-element_type=\"column\">\n\t\t\t<div class=\"elementor-column-wrap elementor-element-populated\">\n\t\t\t\t\t\t\t<div class=\"elementor-widget-wrap\">\n\t\t\t\t\t\t<div class=\"elementor-element elementor-element-9c6430e elementor-widget-divider--view-line elementor-widget elementor-widget-divider\" data-id=\"9c6430e\" data-element_type=\"widget\" data-widget_type=\"divider.default\">\n\t\t\t\t<div class=\"elementor-widget-container\">\n\t\t\t\t\t<div class=\"elementor-divider\">\n\t\t\t<span class=\"elementor-divider-separator\">\n\t\t\t\t\t\t<\/span>\n\t\t<\/div>\n\t\t\t\t<\/div>\n\t\t\t\t<\/div>\n\t\t\t\t<div class=\"elementor-element elementor-element-91b331d elementor-widget elementor-widget-heading\" data-id=\"91b331d\" data-element_type=\"widget\" data-widget_type=\"heading.default\">\n\t\t\t\t<div class=\"elementor-widget-container\">\n\t\t\t<h2 class=\"elementor-heading-title elementor-size-default\">Le band<\/h2>\t\t<\/div>\n\t\t\t\t<\/div>\n\t\t\t\t<div class=\"elementor-element elementor-element-790c109 elementor-widget elementor-widget-text-editor\" data-id=\"790c109\" data-element_type=\"widget\" data-widget_type=\"text-editor.default\">\n\t\t\t\t<div class=\"elementor-widget-container\">\n\t\t\t\t\t\t\t\t<div class=\"elementor-text-editor elementor-clearfix\">\n\t\t\t\t<div>AMORICANA<\/div><div>Alessio Medani <span style=\"font-size: 14px; color: var( --e-global-color-text );\">(basso e voce) &#8211; Emanuele Rava (tastiera e voce) &#8211; Rocco Tinelli (chitarra) &#8211; Emilio Cornaglia (chitarra) &#8211; Fortunato Grillo (batteria)<\/span><\/div>\t\t\t\t\t<\/div>\n\t\t\t\t\t\t<\/div>\n\t\t\t\t<\/div>\n\t\t\t\t<div class=\"elementor-element elementor-element-0b38435 gallery-spacing-custom elementor-widget elementor-widget-image-gallery\" data-id=\"0b38435\" data-element_type=\"widget\" data-widget_type=\"image-gallery.default\">\n\t\t\t\t<div class=\"elementor-widget-container\">\n\t\t\t\t\t<div class=\"elementor-image-gallery\">\n\t\t\t<div class=\"tiled-gallery type-rectangular tiled-gallery-unresized\" data-original-width=\"1200\" data-carousel-extra='null' itemscope itemtype=\"http:\/\/schema.org\/ImageGallery\" > <div class=\"gallery-row\" style=\"width: 1200px; height: 848px;\" data-original-width=\"1200\" data-original-height=\"848\" > <div class=\"gallery-group images-1\" style=\"width: 1200px; height: 848px;\" data-original-width=\"1200\" data-original-height=\"848\" > <div class=\"tiled-gallery-item tiled-gallery-item-large\" itemprop=\"associatedMedia\" itemscope itemtype=\"http:\/\/schema.org\/ImageObject\"> <a href=\"https:\/\/i0.wp.com\/www.radiowest.it\/wp-content\/uploads\/2025\/03\/Amoricana-scaled.jpg?ssl=1\" border=\"0\" itemprop=\"url\"> <meta itemprop=\"width\" content=\"1196\"> <meta itemprop=\"height\" content=\"844\"> <img loading=\"lazy\" data-attachment-id=\"7010\" data-orig-file=\"https:\/\/www.radiowest.it\/wp-content\/uploads\/2025\/03\/Amoricana-scaled.jpg\" data-orig-size=\"2560,1806\" data-comments-opened=\"1\" data-image-meta=\"{&quot;aperture&quot;:&quot;0&quot;,&quot;credit&quot;:&quot;&quot;,&quot;camera&quot;:&quot;&quot;,&quot;caption&quot;:&quot;&quot;,&quot;created_timestamp&quot;:&quot;0&quot;,&quot;copyright&quot;:&quot;&quot;,&quot;focal_length&quot;:&quot;0&quot;,&quot;iso&quot;:&quot;0&quot;,&quot;shutter_speed&quot;:&quot;0&quot;,&quot;title&quot;:&quot;&quot;,&quot;orientation&quot;:&quot;0&quot;}\" data-image-title=\"Amoricana\" data-image-description=\"\" data-medium-file=\"https:\/\/i0.wp.com\/www.radiowest.it\/wp-content\/uploads\/2025\/03\/Amoricana-scaled.jpg?fit=300%2C212&#038;ssl=1\" data-large-file=\"https:\/\/i0.wp.com\/www.radiowest.it\/wp-content\/uploads\/2025\/03\/Amoricana-scaled.jpg?fit=1024%2C722&#038;ssl=1\" src=\"https:\/\/i0.wp.com\/www.radiowest.it\/wp-content\/uploads\/2025\/03\/Amoricana-scaled.jpg?w=1196&#038;h=844&#038;ssl=1\" width=\"1196\" height=\"844\" data-original-width=\"1196\" data-original-height=\"844\" itemprop=\"http:\/\/schema.org\/image\" title=\"Amoricana\" alt=\"Amoricana\" style=\"width: 1196px; height: 844px;\" \/> <\/a> <div class=\"tiled-gallery-caption\" itemprop=\"caption description\"> Amoricana <\/div> <\/div> <\/div> <!-- close group --> <\/div> <!-- close row --> <\/div>\t\t<\/div>\n\t\t\t\t<\/div>\n\t\t\t\t<\/div>\n\t\t\t\t<div class=\"elementor-element elementor-element-8afa941 elementor-widget elementor-widget-text-editor\" data-id=\"8afa941\" data-element_type=\"widget\" data-widget_type=\"text-editor.default\">\n\t\t\t\t<div class=\"elementor-widget-container\">\n\t\t\t\t\t\t\t\t<div class=\"elementor-text-editor elementor-clearfix\">\n\t\t\t\t<div>PALMIRO E I SUOI TOGLIATTI<\/div><div>Emanuele Rava (tastiera e voce) &#8211; Marcello Rava (basso e voce) &#8211; Fabrizio Tinghi (chitarra) &#8211; Gianni Onori (sax) &#8211; Lucrezia Roggero (tromba) &#8211; Fortunato Grillo (batteria)<\/div>\t\t\t\t\t<\/div>\n\t\t\t\t\t\t<\/div>\n\t\t\t\t<\/div>\n\t\t\t\t<div class=\"elementor-element elementor-element-3de9e7c gallery-spacing-custom elementor-widget elementor-widget-image-gallery\" data-id=\"3de9e7c\" data-element_type=\"widget\" data-widget_type=\"image-gallery.default\">\n\t\t\t\t<div class=\"elementor-widget-container\">\n\t\t\t\t\t<div class=\"elementor-image-gallery\">\n\t\t\t<div class=\"tiled-gallery type-rectangular tiled-gallery-unresized\" data-original-width=\"1200\" data-carousel-extra='null' itemscope itemtype=\"http:\/\/schema.org\/ImageGallery\" > <div class=\"gallery-row\" style=\"width: 1200px; height: 901px;\" data-original-width=\"1200\" data-original-height=\"901\" > <div class=\"gallery-group images-1\" style=\"width: 1200px; height: 901px;\" data-original-width=\"1200\" data-original-height=\"901\" > <div class=\"tiled-gallery-item tiled-gallery-item-large\" itemprop=\"associatedMedia\" itemscope itemtype=\"http:\/\/schema.org\/ImageObject\"> <a href=\"https:\/\/i0.wp.com\/www.radiowest.it\/wp-content\/uploads\/2025\/03\/IMG20250315222350-scaled.jpg?ssl=1\" border=\"0\" itemprop=\"url\"> <meta itemprop=\"width\" content=\"1196\"> <meta itemprop=\"height\" content=\"897\"> <img loading=\"lazy\" data-attachment-id=\"7043\" data-orig-file=\"https:\/\/www.radiowest.it\/wp-content\/uploads\/2025\/03\/IMG20250315222350-scaled.jpg\" data-orig-size=\"2560,1920\" data-comments-opened=\"1\" data-image-meta=\"{&quot;aperture&quot;:&quot;0&quot;,&quot;credit&quot;:&quot;&quot;,&quot;camera&quot;:&quot;&quot;,&quot;caption&quot;:&quot;&quot;,&quot;created_timestamp&quot;:&quot;0&quot;,&quot;copyright&quot;:&quot;&quot;,&quot;focal_length&quot;:&quot;0&quot;,&quot;iso&quot;:&quot;0&quot;,&quot;shutter_speed&quot;:&quot;0&quot;,&quot;title&quot;:&quot;&quot;,&quot;orientation&quot;:&quot;0&quot;}\" data-image-title=\"Palmiro e i suoi Togliatti\" data-image-description=\"\" data-medium-file=\"https:\/\/i0.wp.com\/www.radiowest.it\/wp-content\/uploads\/2025\/03\/IMG20250315222350-scaled.jpg?fit=300%2C225&#038;ssl=1\" data-large-file=\"https:\/\/i0.wp.com\/www.radiowest.it\/wp-content\/uploads\/2025\/03\/IMG20250315222350-scaled.jpg?fit=1024%2C768&#038;ssl=1\" src=\"https:\/\/i0.wp.com\/www.radiowest.it\/wp-content\/uploads\/2025\/03\/IMG20250315222350-scaled.jpg?w=1196&#038;h=897&#038;ssl=1\" width=\"1196\" height=\"897\" data-original-width=\"1196\" data-original-height=\"897\" itemprop=\"http:\/\/schema.org\/image\" title=\"Palmiro e i suoi Togliatti\" alt=\"Palmiro e i suoi Togliatti\" style=\"width: 1196px; height: 897px;\" \/> <\/a> <div class=\"tiled-gallery-caption\" itemprop=\"caption description\"> Palmiro e i suoi Togliatti <\/div> <\/div> <\/div> <!-- close group --> <\/div> <!-- close row --> <\/div>\t\t<\/div>\n\t\t\t\t<\/div>\n\t\t\t\t<\/div>\n\t\t\t\t<div class=\"elementor-element elementor-element-970b613 elementor-widget elementor-widget-text-editor\" data-id=\"970b613\" data-element_type=\"widget\" data-widget_type=\"text-editor.default\">\n\t\t\t\t<div class=\"elementor-widget-container\">\n\t\t\t\t\t\t\t\t<div class=\"elementor-text-editor elementor-clearfix\">\n\t\t\t\t<div>40 (U2 tribute band)<\/div><div>Marcello Montobbio (voce) &#8211; Stefano Curletti (chitarra) &#8211; Pino Marotta (basso) &#8211; Guglielmo Rossetto (batteria)\u00a0<\/div>\t\t\t\t\t<\/div>\n\t\t\t\t\t\t<\/div>\n\t\t\t\t<\/div>\n\t\t\t\t<div class=\"elementor-element elementor-element-89e64fe gallery-spacing-custom elementor-widget elementor-widget-image-gallery\" data-id=\"89e64fe\" data-element_type=\"widget\" data-widget_type=\"image-gallery.default\">\n\t\t\t\t<div class=\"elementor-widget-container\">\n\t\t\t\t\t<div class=\"elementor-image-gallery\">\n\t\t\t<div class=\"tiled-gallery type-rectangular tiled-gallery-unresized\" data-original-width=\"1200\" data-carousel-extra='null' itemscope itemtype=\"http:\/\/schema.org\/ImageGallery\" > <div class=\"gallery-row\" style=\"width: 1200px; height: 823px;\" data-original-width=\"1200\" data-original-height=\"823\" > <div class=\"gallery-group images-1\" style=\"width: 1200px; height: 823px;\" data-original-width=\"1200\" data-original-height=\"823\" > <div class=\"tiled-gallery-item tiled-gallery-item-large\" itemprop=\"associatedMedia\" itemscope itemtype=\"http:\/\/schema.org\/ImageObject\"> <a href=\"https:\/\/i0.wp.com\/www.radiowest.it\/wp-content\/uploads\/2025\/03\/40_U2-scaled.jpg?ssl=1\" border=\"0\" itemprop=\"url\"> <meta itemprop=\"width\" content=\"1196\"> <meta itemprop=\"height\" content=\"819\"> <img loading=\"lazy\" data-attachment-id=\"7009\" data-orig-file=\"https:\/\/www.radiowest.it\/wp-content\/uploads\/2025\/03\/40_U2-scaled.jpg\" data-orig-size=\"2560,1753\" data-comments-opened=\"1\" data-image-meta=\"{&quot;aperture&quot;:&quot;0&quot;,&quot;credit&quot;:&quot;&quot;,&quot;camera&quot;:&quot;&quot;,&quot;caption&quot;:&quot;&quot;,&quot;created_timestamp&quot;:&quot;0&quot;,&quot;copyright&quot;:&quot;&quot;,&quot;focal_length&quot;:&quot;0&quot;,&quot;iso&quot;:&quot;0&quot;,&quot;shutter_speed&quot;:&quot;0&quot;,&quot;title&quot;:&quot;&quot;,&quot;orientation&quot;:&quot;0&quot;}\" data-image-title=\"40_U2\" data-image-description=\"\" data-medium-file=\"https:\/\/i0.wp.com\/www.radiowest.it\/wp-content\/uploads\/2025\/03\/40_U2-scaled.jpg?fit=300%2C205&#038;ssl=1\" data-large-file=\"https:\/\/i0.wp.com\/www.radiowest.it\/wp-content\/uploads\/2025\/03\/40_U2-scaled.jpg?fit=1024%2C701&#038;ssl=1\" src=\"https:\/\/i0.wp.com\/www.radiowest.it\/wp-content\/uploads\/2025\/03\/40_U2-scaled.jpg?w=1196&#038;h=819&#038;ssl=1\" width=\"1196\" height=\"819\" data-original-width=\"1196\" data-original-height=\"819\" itemprop=\"http:\/\/schema.org\/image\" title=\"40_U2\" alt=\"40_U2\" style=\"width: 1196px; height: 819px;\" \/> <\/a> <div class=\"tiled-gallery-caption\" itemprop=\"caption description\"> 40_U2 <\/div> <\/div> <\/div> <!-- close group --> <\/div> <!-- close row --> <\/div>\t\t<\/div>\n\t\t\t\t<\/div>\n\t\t\t\t<\/div>\n\t\t\t\t<div class=\"elementor-element elementor-element-926c637 elementor-widget elementor-widget-text-editor\" data-id=\"926c637\" data-element_type=\"widget\" data-widget_type=\"text-editor.default\">\n\t\t\t\t<div class=\"elementor-widget-container\">\n\t\t\t\t\t\t\t\t<div class=\"elementor-text-editor elementor-clearfix\">\n\t\t\t\t<div>WEST FRIENDS JAM<\/div><div>Marcello Montobbio (voce) &#8211; Emanuele Rava (tastiera e voce) &#8211; Max Pozzi (chitarra) &#8211; Paolo Zanon (basso) &#8211; Guglielmo Rossetto (batteria)&#8230;<\/div>\t\t\t\t\t<\/div>\n\t\t\t\t\t\t<\/div>\n\t\t\t\t<\/div>\n\t\t\t\t<div class=\"elementor-element elementor-element-0777b0f gallery-spacing-custom elementor-widget elementor-widget-image-gallery\" data-id=\"0777b0f\" data-element_type=\"widget\" data-widget_type=\"image-gallery.default\">\n\t\t\t\t<div class=\"elementor-widget-container\">\n\t\t\t\t\t<div class=\"elementor-image-gallery\">\n\t\t\t<div class=\"tiled-gallery type-rectangular tiled-gallery-unresized\" data-original-width=\"1200\" data-carousel-extra='null' itemscope itemtype=\"http:\/\/schema.org\/ImageGallery\" > <div class=\"gallery-row\" style=\"width: 1200px; height: 845px;\" data-original-width=\"1200\" data-original-height=\"845\" > <div class=\"gallery-group images-1\" style=\"width: 1200px; height: 845px;\" data-original-width=\"1200\" data-original-height=\"845\" > <div class=\"tiled-gallery-item tiled-gallery-item-large\" itemprop=\"associatedMedia\" itemscope itemtype=\"http:\/\/schema.org\/ImageObject\"> <a href=\"https:\/\/i0.wp.com\/www.radiowest.it\/wp-content\/uploads\/2025\/03\/West-Friends-Jam-scaled.jpg?ssl=1\" border=\"0\" itemprop=\"url\"> <meta itemprop=\"width\" content=\"1196\"> <meta itemprop=\"height\" content=\"841\"> <img loading=\"lazy\" data-attachment-id=\"7012\" data-orig-file=\"https:\/\/www.radiowest.it\/wp-content\/uploads\/2025\/03\/West-Friends-Jam-scaled.jpg\" data-orig-size=\"2560,1801\" data-comments-opened=\"1\" data-image-meta=\"{&quot;aperture&quot;:&quot;0&quot;,&quot;credit&quot;:&quot;&quot;,&quot;camera&quot;:&quot;&quot;,&quot;caption&quot;:&quot;&quot;,&quot;created_timestamp&quot;:&quot;0&quot;,&quot;copyright&quot;:&quot;&quot;,&quot;focal_length&quot;:&quot;0&quot;,&quot;iso&quot;:&quot;0&quot;,&quot;shutter_speed&quot;:&quot;0&quot;,&quot;title&quot;:&quot;&quot;,&quot;orientation&quot;:&quot;0&quot;}\" data-image-title=\"West Friends Jam\" data-image-description=\"\" data-medium-file=\"https:\/\/i0.wp.com\/www.radiowest.it\/wp-content\/uploads\/2025\/03\/West-Friends-Jam-scaled.jpg?fit=300%2C211&#038;ssl=1\" data-large-file=\"https:\/\/i0.wp.com\/www.radiowest.it\/wp-content\/uploads\/2025\/03\/West-Friends-Jam-scaled.jpg?fit=1024%2C720&#038;ssl=1\" src=\"https:\/\/i0.wp.com\/www.radiowest.it\/wp-content\/uploads\/2025\/03\/West-Friends-Jam-scaled.jpg?w=1196&#038;h=841&#038;ssl=1\" width=\"1196\" height=\"841\" data-original-width=\"1196\" data-original-height=\"841\" itemprop=\"http:\/\/schema.org\/image\" title=\"West Friends Jam\" alt=\"West Friends Jam\" style=\"width: 1196px; height: 841px;\" \/> <\/a> <div class=\"tiled-gallery-caption\" itemprop=\"caption description\"> West Friends Jam <\/div> <\/div> <\/div> <!-- close group --> <\/div> <!-- close row --> <\/div>\t\t<\/div>\n\t\t\t\t<\/div>\n\t\t\t\t<\/div>\n\t\t\t\t\t\t<\/div>\n\t\t\t\t\t<\/div>\n\t\t<\/div>\n\t\t\t\t\t\t\t\t<\/div>\n\t\t\t\t\t<\/div>\n\t\t<\/section>\n\t\t\t\t<section class=\"elementor-section elementor-top-section elementor-element elementor-element-90039e6 elementor-section-boxed elementor-section-height-default elementor-section-height-default\" data-id=\"90039e6\" data-element_type=\"section\">\n\t\t\t\t\t\t<div class=\"elementor-container elementor-column-gap-default\">\n\t\t\t\t\t\t\t<div class=\"elementor-row\">\n\t\t\t\t\t<div class=\"elementor-column elementor-col-100 elementor-top-column elementor-element elementor-element-4ba16d5\" data-id=\"4ba16d5\" data-element_type=\"column\">\n\t\t\t<div class=\"elementor-column-wrap elementor-element-populated\">\n\t\t\t\t\t\t\t<div class=\"elementor-widget-wrap\">\n\t\t\t\t\t\t<div class=\"elementor-element elementor-element-914b6c5 elementor-widget-divider--view-line elementor-widget elementor-widget-divider\" data-id=\"914b6c5\" data-element_type=\"widget\" data-widget_type=\"divider.default\">\n\t\t\t\t<div class=\"elementor-widget-container\">\n\t\t\t\t\t<div class=\"elementor-divider\">\n\t\t\t<span class=\"elementor-divider-separator\">\n\t\t\t\t\t\t<\/span>\n\t\t<\/div>\n\t\t\t\t<\/div>\n\t\t\t\t<\/div>\n\t\t\t\t\t\t<\/div>\n\t\t\t\t\t<\/div>\n\t\t<\/div>\n\t\t\t\t\t\t\t\t<\/div>\n\t\t\t\t\t<\/div>\n\t\t<\/section>\n\t\t\t\t<section class=\"elementor-section elementor-top-section elementor-element elementor-element-d86ff48 elementor-section-boxed elementor-section-height-default elementor-section-height-default\" data-id=\"d86ff48\" data-element_type=\"section\">\n\t\t\t\t\t\t<div class=\"elementor-container elementor-column-gap-default\">\n\t\t\t\t\t\t\t<div class=\"elementor-row\">\n\t\t\t\t\t<div class=\"elementor-column elementor-col-100 elementor-top-column elementor-element elementor-element-65e1451\" data-id=\"65e1451\" data-element_type=\"column\">\n\t\t\t<div class=\"elementor-column-wrap elementor-element-populated\">\n\t\t\t\t\t\t\t<div class=\"elementor-widget-wrap\">\n\t\t\t\t\t\t<div class=\"elementor-element elementor-element-4959083 elementor-widget elementor-widget-heading\" data-id=\"4959083\" data-element_type=\"widget\" data-widget_type=\"heading.default\">\n\t\t\t\t<div class=\"elementor-widget-container\">\n\t\t\t<h2 class=\"elementor-heading-title elementor-size-default\">Le nostre pagine dedicate a Ded\u00e8<\/h2>\t\t<\/div>\n\t\t\t\t<\/div>\n\t\t\t\t<div class=\"elementor-element elementor-element-3880062 elementor-widget elementor-widget-text-editor\" data-id=\"3880062\" data-element_type=\"widget\" data-widget_type=\"text-editor.default\">\n\t\t\t\t<div class=\"elementor-widget-container\">\n\t\t\t\t\t\t\t\t<div class=\"elementor-text-editor elementor-clearfix\">\n\t\t\t\t<p><span style=\"vertical-align: inherit;\"><span style=\"vertical-align: inherit;\">2024: <a href=\"https:\/\/www.radiowest.it\/index.php\/dede-week-musicfordede\/\">Ded\u00e8 Week #musicfor dede<\/a><\/span><\/span><\/p><p><span style=\"vertical-align: inherit;\"><span style=\"vertical-align: inherit;\">2024: L&#8217;ultimo saluto in\u00a0<strong><a href=\"https:\/\/www.radiowest.it\/index.php\/dede\/\">DED<\/a><\/strong><\/span><\/span><strong><span style=\"font-family: Arial, sans-serif;\"><a href=\"https:\/\/www.radiowest.it\/index.php\/dede\/\">\u00c8<\/a><\/span><span style=\"vertical-align: inherit;\"><span style=\"vertical-align: inherit;\"><a href=\"https:\/\/www.radiowest.it\/index.php\/dede\/\">, 1956-2024&#8230; A SIMPLE TWIST OF FAITH<\/a><\/span><\/span><\/strong><\/p><p><span style=\"vertical-align: inherit;\"><span style=\"vertical-align: inherit;\">Riascoltiamo invece la sua voce in registrazioni che ripercorrono la parabola della vita della radio:<\/span><\/span><\/p><p>1983: <strong><a href=\"https:\/\/www.radiowest.it\/index.php\/lennon-day-1983\/\">LENNON DAY<\/a><\/strong><\/p><p>1983: <strong><a href=\"https:\/\/www.radiowest.it\/index.php\/after-punk-revolution-1983\/\">AFTER PUNK REVOLUTION, PROGRAMMA\/INTERVISTA AD ASSEMBLEA TEATRO<\/a><\/strong><\/p><p>1991: <strong><a href=\"https:\/\/www.radiowest.it\/index.php\/fabio-tolu-intervista-1991\/\">PROGRAMMA\/INTERVISTA A FABIO TOLU<\/a><\/strong><\/p><p>1994: <strong><a href=\"https:\/\/www.radiowest.it\/index.php\/lucio-dalla-intervista\/\">INTERVISTA A LUCIO DALLA<\/a><\/strong><\/p><p>1995: <a href=\"https:\/\/www.radiowest.it\/index.php\/dede-the-last-waltz\/\"><strong>THE LAST WALTZ<\/strong><\/a><\/p>\t\t\t\t\t<\/div>\n\t\t\t\t\t\t<\/div>\n\t\t\t\t<\/div>\n\t\t\t\t\t\t<\/div>\n\t\t\t\t\t<\/div>\n\t\t<\/div>\n\t\t\t\t\t\t\t\t<\/div>\n\t\t\t\t\t<\/div>\n\t\t<\/section>\n\t\t\t\t\t\t<\/div>\n\t\t\t\t\t\t<\/div>\n\t\t\t\t\t<\/div>\n\t\t","protected":false},"excerpt":{"rendered":"<p>L\u2019Associazione Culturale Radio West, nata nel marzo 2021, a quattro anni dalla sua fondazione ha organizzato per sabato 15 marzo 2025 un evento musicale al teatro degli Orti, nel ricordo di Ded\u00e8 Vinci. Si sono esibite varie band locali, \u00e8 stata avviata una raccolta fondi per iniziative di beneficenza ed \u00e8 stata promossa una campagna [&hellip;]<\/p>\n","protected":false},"author":5,"featured_media":6945,"comment_status":"open","ping_status":"open","sticky":false,"template":"","format":"standard","meta":{"_monsterinsights_skip_tracking":false,"_monsterinsights_sitenote_active":false,"_monsterinsights_sitenote_note":"","_monsterinsights_sitenote_category":0,"spay_email":""},"categories":[135],"tags":[],"jetpack_featured_media_url":"https:\/\/i0.wp.com\/www.radiowest.it\/wp-content\/uploads\/2025\/02\/IMG-20250228-WA0000.jpg?fit=1080%2C1080&ssl=1","jetpack_sharing_enabled":true,"_links":{"self":[{"href":"https:\/\/www.radiowest.it\/index.php\/wp-json\/wp\/v2\/posts\/7008"}],"collection":[{"href":"https:\/\/www.radiowest.it\/index.php\/wp-json\/wp\/v2\/posts"}],"about":[{"href":"https:\/\/www.radiowest.it\/index.php\/wp-json\/wp\/v2\/types\/post"}],"author":[{"embeddable":true,"href":"https:\/\/www.radiowest.it\/index.php\/wp-json\/wp\/v2\/users\/5"}],"replies":[{"embeddable":true,"href":"https:\/\/www.radiowest.it\/index.php\/wp-json\/wp\/v2\/comments?post=7008"}],"version-history":[{"count":40,"href":"https:\/\/www.radiowest.it\/index.php\/wp-json\/wp\/v2\/posts\/7008\/revisions"}],"predecessor-version":[{"id":7074,"href":"https:\/\/www.radiowest.it\/index.php\/wp-json\/wp\/v2\/posts\/7008\/revisions\/7074"}],"wp:featuredmedia":[{"embeddable":true,"href":"https:\/\/www.radiowest.it\/index.php\/wp-json\/wp\/v2\/media\/6945"}],"wp:attachment":[{"href":"https:\/\/www.radiowest.it\/index.php\/wp-json\/wp\/v2\/media?parent=7008"}],"wp:term":[{"taxonomy":"category","embeddable":true,"href":"https:\/\/www.radiowest.it\/index.php\/wp-json\/wp\/v2\/categories?post=7008"},{"taxonomy":"post_tag","embeddable":true,"href":"https:\/\/www.radiowest.it\/index.php\/wp-json\/wp\/v2\/tags?post=7008"}],"curies":[{"name":"wp","href":"https:\/\/api.w.org\/{rel}","templated":true}]}}