{"id":4684,"date":"2022-01-12T14:25:01","date_gmt":"2022-01-12T14:25:01","guid":{"rendered":"https:\/\/www.radiowest.it\/?p=4684"},"modified":"2025-11-28T15:44:26","modified_gmt":"2025-11-28T15:44:26","slug":"gianni-morandi-1991","status":"publish","type":"post","link":"https:\/\/www.radiowest.it\/index.php\/gianni-morandi-1991\/","title":{"rendered":"Gianni Morandi: concerto e intervista (1991)"},"content":{"rendered":"\t\t<div data-elementor-type=\"wp-post\" data-elementor-id=\"4684\" class=\"elementor elementor-4684\" data-elementor-settings=\"[]\">\n\t\t\t\t\t\t<div class=\"elementor-inner\">\n\t\t\t\t\t\t\t<div class=\"elementor-section-wrap\">\n\t\t\t\t\t\t\t<section class=\"elementor-section elementor-top-section elementor-element elementor-element-e328a63 elementor-section-boxed elementor-section-height-default elementor-section-height-default\" data-id=\"e328a63\" data-element_type=\"section\">\n\t\t\t\t\t\t<div class=\"elementor-container elementor-column-gap-default\">\n\t\t\t\t\t\t\t<div class=\"elementor-row\">\n\t\t\t\t\t<div class=\"elementor-column elementor-col-100 elementor-top-column elementor-element elementor-element-c89d2ad\" data-id=\"c89d2ad\" data-element_type=\"column\">\n\t\t\t<div class=\"elementor-column-wrap elementor-element-populated\">\n\t\t\t\t\t\t\t<div class=\"elementor-widget-wrap\">\n\t\t\t\t\t\t<div class=\"elementor-element elementor-element-27e4bdf elementor-widget elementor-widget-text-editor\" data-id=\"27e4bdf\" data-element_type=\"widget\" data-widget_type=\"text-editor.default\">\n\t\t\t\t<div class=\"elementor-widget-container\">\n\t\t\t\t\t\t\t\t<div class=\"elementor-text-editor elementor-clearfix\">\n\t\t\t\t<p style=\"margin-bottom: 0cm; font-style: normal;\">Per promuovere l&#8217;album <em>Variet\u00e0<\/em>, pubblicato a fine 1989, l&#8217;anno successivo Morandi intraprese un fortunato tour caratterizzato da una singolare formula: si presentava da solo sul palco, allestito al centro di un teatro tenda in mezzo al pubblico, una sorta di ring. Supportato solo dalla sua chitarra acustica e sporadicamente da qualche base musicale, dava immediata soddisfazione alle richieste che arrivavano dal pubblico, scritte su bigliettini lasciati sul palco. Il tour ebbe grande successo e prosegu\u00ec anche nel 1991.\u00a0<\/p>\t\t\t\t\t<\/div>\n\t\t\t\t\t\t<\/div>\n\t\t\t\t<\/div>\n\t\t\t\t<div class=\"elementor-element elementor-element-1527c2c elementor-widget-divider--view-line elementor-widget elementor-widget-divider\" data-id=\"1527c2c\" data-element_type=\"widget\" data-widget_type=\"divider.default\">\n\t\t\t\t<div class=\"elementor-widget-container\">\n\t\t\t\t\t<div class=\"elementor-divider\">\n\t\t\t<span class=\"elementor-divider-separator\">\n\t\t\t\t\t\t<\/span>\n\t\t<\/div>\n\t\t\t\t<\/div>\n\t\t\t\t<\/div>\n\t\t\t\t<div class=\"elementor-element elementor-element-cb6e6bf elementor-icon-list--layout-traditional elementor-list-item-link-full_width elementor-widget elementor-widget-icon-list\" data-id=\"cb6e6bf\" data-element_type=\"widget\" data-widget_type=\"icon-list.default\">\n\t\t\t\t<div class=\"elementor-widget-container\">\n\t\t\t\t\t<ul class=\"elementor-icon-list-items\">\n\t\t\t\t\t\t\t<li class=\"elementor-icon-list-item\">\n\t\t\t\t\t\t\t\t\t\t\t<span class=\"elementor-icon-list-icon\">\n\t\t\t\t\t\t\t<i aria-hidden=\"true\" class=\"far fa-calendar-alt\"><\/i>\t\t\t\t\t\t<\/span>\n\t\t\t\t\t\t\t\t\t\t<span class=\"elementor-icon-list-text\">14 marzo 1991<\/span>\n\t\t\t\t\t\t\t\t\t<\/li>\n\t\t\t\t\t\t\t\t<li class=\"elementor-icon-list-item\">\n\t\t\t\t\t\t\t\t\t\t\t<span class=\"elementor-icon-list-icon\">\n\t\t\t\t\t\t\t<i aria-hidden=\"true\" class=\"fas fa-baby\"><\/i>\t\t\t\t\t\t<\/span>\n\t\t\t\t\t\t\t\t\t\t<span class=\"elementor-icon-list-text\">Gianni Morandi (voce e chitarra acustica)<\/span>\n\t\t\t\t\t\t\t\t\t<\/li>\n\t\t\t\t\t\t\t\t<li class=\"elementor-icon-list-item\">\n\t\t\t\t\t\t\t\t\t\t\t<span class=\"elementor-icon-list-icon\">\n\t\t\t\t\t\t\t<i aria-hidden=\"true\" class=\"fas fa-map-marker-alt\"><\/i>\t\t\t\t\t\t<\/span>\n\t\t\t\t\t\t\t\t\t\t<span class=\"elementor-icon-list-text\">Palatenda (zona fiera di Alessandria)<\/span>\n\t\t\t\t\t\t\t\t\t<\/li>\n\t\t\t\t\t\t<\/ul>\n\t\t\t\t<\/div>\n\t\t\t\t<\/div>\n\t\t\t\t\t\t<\/div>\n\t\t\t\t\t<\/div>\n\t\t<\/div>\n\t\t\t\t\t\t\t\t<\/div>\n\t\t\t\t\t<\/div>\n\t\t<\/section>\n\t\t\t\t<section class=\"elementor-section elementor-top-section elementor-element elementor-element-4060cf9 elementor-section-boxed elementor-section-height-default elementor-section-height-default\" data-id=\"4060cf9\" data-element_type=\"section\">\n\t\t\t\t\t\t<div class=\"elementor-container elementor-column-gap-default\">\n\t\t\t\t\t\t\t<div class=\"elementor-row\">\n\t\t\t\t\t<div class=\"elementor-column elementor-col-100 elementor-top-column elementor-element elementor-element-177e1ed\" data-id=\"177e1ed\" data-element_type=\"column\">\n\t\t\t<div class=\"elementor-column-wrap elementor-element-populated\">\n\t\t\t\t\t\t\t<div class=\"elementor-widget-wrap\">\n\t\t\t\t\t\t<div class=\"elementor-element elementor-element-0c06eab elementor-widget-divider--view-line elementor-widget elementor-widget-divider\" data-id=\"0c06eab\" data-element_type=\"widget\" data-widget_type=\"divider.default\">\n\t\t\t\t<div class=\"elementor-widget-container\">\n\t\t\t\t\t<div class=\"elementor-divider\">\n\t\t\t<span class=\"elementor-divider-separator\">\n\t\t\t\t\t\t<\/span>\n\t\t<\/div>\n\t\t\t\t<\/div>\n\t\t\t\t<\/div>\n\t\t\t\t<div class=\"elementor-element elementor-element-c0a985b elementor-widget elementor-widget-heading\" data-id=\"c0a985b\" data-element_type=\"widget\" data-widget_type=\"heading.default\">\n\t\t\t\t<div class=\"elementor-widget-container\">\n\t\t\t<h2 class=\"elementor-heading-title elementor-size-default\">l'intervista<\/h2>\t\t<\/div>\n\t\t\t\t<\/div>\n\t\t\t\t<div class=\"elementor-element elementor-element-3b18956 elementor-widget elementor-widget-text-editor\" data-id=\"3b18956\" data-element_type=\"widget\" data-widget_type=\"text-editor.default\">\n\t\t\t\t<div class=\"elementor-widget-container\">\n\t\t\t\t\t\t\t\t<div class=\"elementor-text-editor elementor-clearfix\">\n\t\t\t\t<p style=\"margin-bottom: 0cm; font-style: normal;\">Lungo colloquio registrato nel camper di Morandi, prima del concerto. Il cantante, sempre disponibile a raccontarsi, parla a ruota libera: il primo concerto ad Alessandria all&#8217;inizio degli anni &#8217;60, la sua storia di interprete, la vita del musicista, il Festival di Sanremo, gli alti e bassi, le accuse infondate di droga, la carriera di attore, il sodalizio con Dalla, la rinascita della musica italiana&#8230; Intervista di Paolo Tolu (nella prima parte domande di una giornalista locale).<\/p>\t\t\t\t\t<\/div>\n\t\t\t\t\t\t<\/div>\n\t\t\t\t<\/div>\n\t\t\t\t<div class=\"elementor-element elementor-element-efe38c4 elementor-widget elementor-widget-wp-widget-media_audio\" data-id=\"efe38c4\" data-element_type=\"widget\" data-widget_type=\"wp-widget-media_audio.default\">\n\t\t\t\t<div class=\"elementor-widget-container\">\n\t\t\t<!--[if lt IE 9]><script>document.createElement('audio');<\/script><![endif]-->\n<audio class=\"wp-audio-shortcode\" id=\"audio-4684-1\" preload=\"none\" style=\"width: 100%;\" controls=\"controls\"><source type=\"audio\/mpeg\" src=\"https:\/\/www.radiowest.it\/wp-content\/uploads\/2020\/06\/1991_intervista_Morandi.mp3?_=1\" \/><source type=\"audio\/mpeg\" src=\"https:\/\/www.radiowest.it\/wp-content\/uploads\/2020\/06\/1991_intervista_Morandi.mp3?_=1\" \/><a href=\"https:\/\/www.radiowest.it\/wp-content\/uploads\/2020\/06\/1991_intervista_Morandi.mp3\">https:\/\/www.radiowest.it\/wp-content\/uploads\/2020\/06\/1991_intervista_Morandi.mp3<\/a><\/audio>\t\t<\/div>\n\t\t\t\t<\/div>\n\t\t\t\t\t\t<\/div>\n\t\t\t\t\t<\/div>\n\t\t<\/div>\n\t\t\t\t\t\t\t\t<\/div>\n\t\t\t\t\t<\/div>\n\t\t<\/section>\n\t\t\t\t<section class=\"elementor-section elementor-top-section elementor-element elementor-element-2a5a37b elementor-section-boxed elementor-section-height-default elementor-section-height-default\" data-id=\"2a5a37b\" data-element_type=\"section\">\n\t\t\t\t\t\t<div class=\"elementor-container elementor-column-gap-default\">\n\t\t\t\t\t\t\t<div class=\"elementor-row\">\n\t\t\t\t\t<div class=\"elementor-column elementor-col-100 elementor-top-column elementor-element elementor-element-a5ad68c\" data-id=\"a5ad68c\" data-element_type=\"column\">\n\t\t\t<div class=\"elementor-column-wrap elementor-element-populated\">\n\t\t\t\t\t\t\t<div class=\"elementor-widget-wrap\">\n\t\t\t\t\t\t<div class=\"elementor-element elementor-element-5de343a elementor-widget elementor-widget-heading\" data-id=\"5de343a\" data-element_type=\"widget\" data-widget_type=\"heading.default\">\n\t\t\t\t<div class=\"elementor-widget-container\">\n\t\t\t<h2 class=\"elementor-heading-title elementor-size-default\">il saluto di Gianni Morandi a Radio West<\/h2>\t\t<\/div>\n\t\t\t\t<\/div>\n\t\t\t\t<div class=\"elementor-element elementor-element-0acb5fe elementor-widget elementor-widget-wp-widget-media_audio\" data-id=\"0acb5fe\" data-element_type=\"widget\" data-widget_type=\"wp-widget-media_audio.default\">\n\t\t\t\t<div class=\"elementor-widget-container\">\n\t\t\t<audio class=\"wp-audio-shortcode\" id=\"audio-4684-2\" preload=\"none\" style=\"width: 100%;\" controls=\"controls\"><source type=\"audio\/mpeg\" src=\"https:\/\/www.radiowest.it\/wp-content\/uploads\/2020\/06\/1991_saluti_Morandi.mp3?_=2\" \/><source type=\"audio\/mpeg\" src=\"https:\/\/www.radiowest.it\/wp-content\/uploads\/2020\/06\/1991_saluti_Morandi.mp3?_=2\" \/><a href=\"https:\/\/www.radiowest.it\/wp-content\/uploads\/2020\/06\/1991_saluti_Morandi.mp3\">https:\/\/www.radiowest.it\/wp-content\/uploads\/2020\/06\/1991_saluti_Morandi.mp3<\/a><\/audio>\t\t<\/div>\n\t\t\t\t<\/div>\n\t\t\t\t\t\t<\/div>\n\t\t\t\t\t<\/div>\n\t\t<\/div>\n\t\t\t\t\t\t\t\t<\/div>\n\t\t\t\t\t<\/div>\n\t\t<\/section>\n\t\t\t\t<section class=\"elementor-section elementor-top-section elementor-element elementor-element-f582596 elementor-section-boxed elementor-section-height-default elementor-section-height-default\" data-id=\"f582596\" data-element_type=\"section\">\n\t\t\t\t\t\t<div class=\"elementor-container elementor-column-gap-default\">\n\t\t\t\t\t\t\t<div class=\"elementor-row\">\n\t\t\t\t\t<div class=\"elementor-column elementor-col-100 elementor-top-column elementor-element elementor-element-71b39e7\" data-id=\"71b39e7\" data-element_type=\"column\">\n\t\t\t<div class=\"elementor-column-wrap elementor-element-populated\">\n\t\t\t\t\t\t\t<div class=\"elementor-widget-wrap\">\n\t\t\t\t\t\t<div class=\"elementor-element elementor-element-6caee5d elementor-widget-divider--view-line elementor-widget elementor-widget-divider\" data-id=\"6caee5d\" data-element_type=\"widget\" data-widget_type=\"divider.default\">\n\t\t\t\t<div class=\"elementor-widget-container\">\n\t\t\t\t\t<div class=\"elementor-divider\">\n\t\t\t<span class=\"elementor-divider-separator\">\n\t\t\t\t\t\t<\/span>\n\t\t<\/div>\n\t\t\t\t<\/div>\n\t\t\t\t<\/div>\n\t\t\t\t<div class=\"elementor-element elementor-element-309afe5 elementor-widget elementor-widget-heading\" data-id=\"309afe5\" data-element_type=\"widget\" data-widget_type=\"heading.default\">\n\t\t\t\t<div class=\"elementor-widget-container\">\n\t\t\t<h2 class=\"elementor-heading-title elementor-size-default\">album foto<\/h2>\t\t<\/div>\n\t\t\t\t<\/div>\n\t\t\t\t<div class=\"elementor-element elementor-element-23c566f gallery-spacing-custom elementor-widget elementor-widget-image-gallery\" data-id=\"23c566f\" data-element_type=\"widget\" data-widget_type=\"image-gallery.default\">\n\t\t\t\t<div class=\"elementor-widget-container\">\n\t\t\t\t\t<div class=\"elementor-image-gallery\">\n\t\t\t<div class=\"tiled-gallery type-rectangular tiled-gallery-unresized\" data-original-width=\"1200\" data-carousel-extra='null' itemscope itemtype=\"http:\/\/schema.org\/ImageGallery\" > <div class=\"gallery-row\" style=\"width: 1200px; height: 859px;\" data-original-width=\"1200\" data-original-height=\"859\" > <div class=\"gallery-group images-1\" style=\"width: 577px; height: 859px;\" data-original-width=\"577\" data-original-height=\"859\" > <div class=\"tiled-gallery-item tiled-gallery-item-large\" itemprop=\"associatedMedia\" itemscope itemtype=\"http:\/\/schema.org\/ImageObject\"> <a href=\"https:\/\/i0.wp.com\/www.radiowest.it\/wp-content\/uploads\/2025\/11\/Gianni-Morandi-1-sul-retro-autografo-1991-scaled.jpg?ssl=1\" border=\"0\" itemprop=\"url\"> <meta itemprop=\"width\" content=\"573\"> <meta itemprop=\"height\" content=\"855\"> <img loading=\"lazy\" data-attachment-id=\"7154\" data-orig-file=\"https:\/\/www.radiowest.it\/wp-content\/uploads\/2025\/11\/Gianni-Morandi-1-sul-retro-autografo-1991-scaled.jpg\" data-orig-size=\"1716,2560\" data-comments-opened=\"1\" data-image-meta=\"{&quot;aperture&quot;:&quot;0&quot;,&quot;credit&quot;:&quot;&quot;,&quot;camera&quot;:&quot;&quot;,&quot;caption&quot;:&quot;&quot;,&quot;created_timestamp&quot;:&quot;0&quot;,&quot;copyright&quot;:&quot;&quot;,&quot;focal_length&quot;:&quot;0&quot;,&quot;iso&quot;:&quot;0&quot;,&quot;shutter_speed&quot;:&quot;0&quot;,&quot;title&quot;:&quot;&quot;,&quot;orientation&quot;:&quot;0&quot;}\" data-image-title=\"Gianni Morandi 1 (sul retro autografo, 1991)\" data-image-description=\"\" data-medium-file=\"https:\/\/i0.wp.com\/www.radiowest.it\/wp-content\/uploads\/2025\/11\/Gianni-Morandi-1-sul-retro-autografo-1991-scaled.jpg?fit=201%2C300&#038;ssl=1\" data-large-file=\"https:\/\/i0.wp.com\/www.radiowest.it\/wp-content\/uploads\/2025\/11\/Gianni-Morandi-1-sul-retro-autografo-1991-scaled.jpg?fit=686%2C1024&#038;ssl=1\" src=\"https:\/\/i0.wp.com\/www.radiowest.it\/wp-content\/uploads\/2025\/11\/Gianni-Morandi-1-sul-retro-autografo-1991-scaled.jpg?w=573&#038;h=855&#038;ssl=1\" width=\"573\" height=\"855\" data-original-width=\"573\" data-original-height=\"855\" itemprop=\"http:\/\/schema.org\/image\" title=\"Gianni Morandi 1 (sul retro autografo, 1991)\" alt=\"foto promozionale (1991)\" style=\"width: 573px; height: 855px;\" \/> <\/a> <div class=\"tiled-gallery-caption\" itemprop=\"caption description\"> foto promozionale (1991) <\/div> <\/div> <\/div> <!-- close group --> <div class=\"gallery-group images-1\" style=\"width: 623px; height: 859px;\" data-original-width=\"623\" data-original-height=\"859\" > <div class=\"tiled-gallery-item tiled-gallery-item-large\" itemprop=\"associatedMedia\" itemscope itemtype=\"http:\/\/schema.org\/ImageObject\"> <a href=\"https:\/\/i0.wp.com\/www.radiowest.it\/wp-content\/uploads\/2025\/11\/Gianni-Morandi-2-autografo-1991-scaled.jpg?ssl=1\" border=\"0\" itemprop=\"url\"> <meta itemprop=\"width\" content=\"619\"> <meta itemprop=\"height\" content=\"855\"> <img loading=\"lazy\" data-attachment-id=\"7155\" data-orig-file=\"https:\/\/www.radiowest.it\/wp-content\/uploads\/2025\/11\/Gianni-Morandi-2-autografo-1991-scaled.jpg\" data-orig-size=\"1853,2560\" data-comments-opened=\"1\" data-image-meta=\"{&quot;aperture&quot;:&quot;0&quot;,&quot;credit&quot;:&quot;&quot;,&quot;camera&quot;:&quot;&quot;,&quot;caption&quot;:&quot;&quot;,&quot;created_timestamp&quot;:&quot;0&quot;,&quot;copyright&quot;:&quot;&quot;,&quot;focal_length&quot;:&quot;0&quot;,&quot;iso&quot;:&quot;0&quot;,&quot;shutter_speed&quot;:&quot;0&quot;,&quot;title&quot;:&quot;&quot;,&quot;orientation&quot;:&quot;0&quot;}\" data-image-title=\"Gianni Morandi 2 (autografo, 1991)\" data-image-description=\"\" data-medium-file=\"https:\/\/i0.wp.com\/www.radiowest.it\/wp-content\/uploads\/2025\/11\/Gianni-Morandi-2-autografo-1991-scaled.jpg?fit=217%2C300&#038;ssl=1\" data-large-file=\"https:\/\/i0.wp.com\/www.radiowest.it\/wp-content\/uploads\/2025\/11\/Gianni-Morandi-2-autografo-1991-scaled.jpg?fit=741%2C1024&#038;ssl=1\" src=\"https:\/\/i0.wp.com\/www.radiowest.it\/wp-content\/uploads\/2025\/11\/Gianni-Morandi-2-autografo-1991-scaled.jpg?w=619&#038;h=855&#038;ssl=1\" width=\"619\" height=\"855\" data-original-width=\"619\" data-original-height=\"855\" itemprop=\"http:\/\/schema.org\/image\" title=\"Gianni Morandi 2 (autografo, 1991)\" alt=\"la dedica alla radio sul retro della foto promozionale\" style=\"width: 619px; height: 855px;\" \/> <\/a> <div class=\"tiled-gallery-caption\" itemprop=\"caption description\"> la dedica alla radio sul retro della foto promozionale <\/div> <\/div> <\/div> <!-- close group --> <\/div> <!-- close row --> <\/div>\t\t<\/div>\n\t\t\t\t<\/div>\n\t\t\t\t<\/div>\n\t\t\t\t\t\t<\/div>\n\t\t\t\t\t<\/div>\n\t\t<\/div>\n\t\t\t\t\t\t\t\t<\/div>\n\t\t\t\t\t<\/div>\n\t\t<\/section>\n\t\t\t\t<section class=\"elementor-section elementor-top-section elementor-element elementor-element-9d57b18 elementor-section-boxed elementor-section-height-default elementor-section-height-default\" data-id=\"9d57b18\" data-element_type=\"section\">\n\t\t\t\t\t\t<div class=\"elementor-container elementor-column-gap-default\">\n\t\t\t\t\t\t\t<div class=\"elementor-row\">\n\t\t\t\t\t<div class=\"elementor-column elementor-col-100 elementor-top-column elementor-element elementor-element-c680494\" data-id=\"c680494\" data-element_type=\"column\">\n\t\t\t<div class=\"elementor-column-wrap elementor-element-populated\">\n\t\t\t\t\t\t\t<div class=\"elementor-widget-wrap\">\n\t\t\t\t\t\t<div class=\"elementor-element elementor-element-935e079 elementor-widget-divider--view-line elementor-widget elementor-widget-divider\" data-id=\"935e079\" data-element_type=\"widget\" data-widget_type=\"divider.default\">\n\t\t\t\t<div class=\"elementor-widget-container\">\n\t\t\t\t\t<div class=\"elementor-divider\">\n\t\t\t<span class=\"elementor-divider-separator\">\n\t\t\t\t\t\t<\/span>\n\t\t<\/div>\n\t\t\t\t<\/div>\n\t\t\t\t<\/div>\n\t\t\t\t<div class=\"elementor-element elementor-element-a9c03df elementor-widget elementor-widget-heading\" data-id=\"a9c03df\" data-element_type=\"widget\" data-widget_type=\"heading.default\">\n\t\t\t\t<div class=\"elementor-widget-container\">\n\t\t\t<h2 class=\"elementor-heading-title elementor-size-default\">rassegna stampa<\/h2>\t\t<\/div>\n\t\t\t\t<\/div>\n\t\t\t\t<div class=\"elementor-element elementor-element-463dd6f gallery-spacing-custom elementor-widget elementor-widget-image-gallery\" data-id=\"463dd6f\" data-element_type=\"widget\" data-widget_type=\"image-gallery.default\">\n\t\t\t\t<div class=\"elementor-widget-container\">\n\t\t\t\t\t<div class=\"elementor-image-gallery\">\n\t\t\t<div class=\"tiled-gallery type-rectangular tiled-gallery-unresized\" data-original-width=\"1200\" data-carousel-extra='null' itemscope itemtype=\"http:\/\/schema.org\/ImageGallery\" > <div class=\"gallery-row\" style=\"width: 1200px; height: 328px;\" data-original-width=\"1200\" data-original-height=\"328\" > <div class=\"gallery-group images-1\" style=\"width: 424px; height: 328px;\" data-original-width=\"424\" data-original-height=\"328\" > <div class=\"tiled-gallery-item tiled-gallery-item-large\" itemprop=\"associatedMedia\" itemscope itemtype=\"http:\/\/schema.org\/ImageObject\"> <a href=\"https:\/\/i0.wp.com\/www.radiowest.it\/wp-content\/uploads\/2020\/08\/91-03-14_La-Stampa_Morandi_Carla-Reschia.jpg?ssl=1\" border=\"0\" itemprop=\"url\"> <meta itemprop=\"width\" content=\"420\"> <meta itemprop=\"height\" content=\"324\"> <img loading=\"lazy\" data-attachment-id=\"2805\" data-orig-file=\"https:\/\/www.radiowest.it\/wp-content\/uploads\/2020\/08\/91-03-14_La-Stampa_Morandi_Carla-Reschia.jpg\" data-orig-size=\"1083,835\" data-comments-opened=\"1\" data-image-meta=\"{&quot;aperture&quot;:&quot;0&quot;,&quot;credit&quot;:&quot;&quot;,&quot;camera&quot;:&quot;&quot;,&quot;caption&quot;:&quot;&quot;,&quot;created_timestamp&quot;:&quot;0&quot;,&quot;copyright&quot;:&quot;&quot;,&quot;focal_length&quot;:&quot;0&quot;,&quot;iso&quot;:&quot;0&quot;,&quot;shutter_speed&quot;:&quot;0&quot;,&quot;title&quot;:&quot;&quot;,&quot;orientation&quot;:&quot;0&quot;}\" data-image-title=\"\" data-image-description=\"\" data-medium-file=\"https:\/\/i0.wp.com\/www.radiowest.it\/wp-content\/uploads\/2020\/08\/91-03-14_La-Stampa_Morandi_Carla-Reschia.jpg?fit=300%2C231&#038;ssl=1\" data-large-file=\"https:\/\/i0.wp.com\/www.radiowest.it\/wp-content\/uploads\/2020\/08\/91-03-14_La-Stampa_Morandi_Carla-Reschia.jpg?fit=1024%2C790&#038;ssl=1\" src=\"https:\/\/i0.wp.com\/www.radiowest.it\/wp-content\/uploads\/2020\/08\/91-03-14_La-Stampa_Morandi_Carla-Reschia.jpg?w=420&#038;h=324&#038;ssl=1\" width=\"420\" height=\"324\" data-original-width=\"420\" data-original-height=\"324\" itemprop=\"http:\/\/schema.org\/image\" title=\"\" alt=\"L&#039;articolo di Carla Reschia su &quot;La Stampa&quot; (14 marzo 1991)\" style=\"width: 420px; height: 324px;\" \/> <\/a> <div class=\"tiled-gallery-caption\" itemprop=\"caption description\"> L&#8217;articolo di Carla Reschia su &#8220;La Stampa&#8221; (14 marzo 1991) <\/div> <\/div> <\/div> <!-- close group --> <div class=\"gallery-group images-1\" style=\"width: 82px; height: 328px;\" data-original-width=\"82\" data-original-height=\"328\" > <div class=\"tiled-gallery-item tiled-gallery-item-small\" itemprop=\"associatedMedia\" itemscope itemtype=\"http:\/\/schema.org\/ImageObject\"> <a href=\"https:\/\/i0.wp.com\/www.radiowest.it\/wp-content\/uploads\/2025\/11\/1991-03-05_Il-Piccolo-Morandi.jpg?ssl=1\" border=\"0\" itemprop=\"url\"> <meta itemprop=\"width\" content=\"78\"> <meta itemprop=\"height\" content=\"324\"> <img loading=\"lazy\" data-attachment-id=\"7145\" data-orig-file=\"https:\/\/www.radiowest.it\/wp-content\/uploads\/2025\/11\/1991-03-05_Il-Piccolo-Morandi.jpg\" data-orig-size=\"177,740\" data-comments-opened=\"1\" data-image-meta=\"{&quot;aperture&quot;:&quot;0&quot;,&quot;credit&quot;:&quot;&quot;,&quot;camera&quot;:&quot;&quot;,&quot;caption&quot;:&quot;&quot;,&quot;created_timestamp&quot;:&quot;0&quot;,&quot;copyright&quot;:&quot;&quot;,&quot;focal_length&quot;:&quot;0&quot;,&quot;iso&quot;:&quot;0&quot;,&quot;shutter_speed&quot;:&quot;0&quot;,&quot;title&quot;:&quot;&quot;,&quot;orientation&quot;:&quot;0&quot;}\" data-image-title=\"1991-03-05_Il Piccolo (Morandi)\" data-image-description=\"\" data-medium-file=\"https:\/\/i0.wp.com\/www.radiowest.it\/wp-content\/uploads\/2025\/11\/1991-03-05_Il-Piccolo-Morandi.jpg?fit=72%2C300&#038;ssl=1\" data-large-file=\"https:\/\/i0.wp.com\/www.radiowest.it\/wp-content\/uploads\/2025\/11\/1991-03-05_Il-Piccolo-Morandi.jpg?fit=177%2C740&#038;ssl=1\" src=\"https:\/\/i0.wp.com\/www.radiowest.it\/wp-content\/uploads\/2025\/11\/1991-03-05_Il-Piccolo-Morandi.jpg?w=78&#038;h=324&#038;ssl=1\" width=\"78\" height=\"324\" data-original-width=\"78\" data-original-height=\"324\" itemprop=\"http:\/\/schema.org\/image\" title=\"1991-03-05_Il Piccolo (Morandi)\" alt=\"Il Piccolo (5 marzo 1991)\" style=\"width: 78px; height: 324px;\" \/> <\/a> <div class=\"tiled-gallery-caption\" itemprop=\"caption description\"> Il Piccolo (5 marzo 1991) <\/div> <\/div> <\/div> <!-- close group --> <div class=\"gallery-group images-1\" style=\"width: 223px; height: 328px;\" data-original-width=\"223\" data-original-height=\"328\" > <div class=\"tiled-gallery-item tiled-gallery-item-small\" itemprop=\"associatedMedia\" itemscope itemtype=\"http:\/\/schema.org\/ImageObject\"> <a href=\"https:\/\/i0.wp.com\/www.radiowest.it\/wp-content\/uploads\/2025\/11\/1991-03-12_Il-Piccolo-Morandi-prima-pagina.jpg?ssl=1\" border=\"0\" itemprop=\"url\"> <meta itemprop=\"width\" content=\"219\"> <meta itemprop=\"height\" content=\"324\"> <img loading=\"lazy\" data-attachment-id=\"7146\" data-orig-file=\"https:\/\/www.radiowest.it\/wp-content\/uploads\/2025\/11\/1991-03-12_Il-Piccolo-Morandi-prima-pagina.jpg\" data-orig-size=\"487,720\" data-comments-opened=\"1\" data-image-meta=\"{&quot;aperture&quot;:&quot;0&quot;,&quot;credit&quot;:&quot;&quot;,&quot;camera&quot;:&quot;&quot;,&quot;caption&quot;:&quot;&quot;,&quot;created_timestamp&quot;:&quot;0&quot;,&quot;copyright&quot;:&quot;&quot;,&quot;focal_length&quot;:&quot;0&quot;,&quot;iso&quot;:&quot;0&quot;,&quot;shutter_speed&quot;:&quot;0&quot;,&quot;title&quot;:&quot;&quot;,&quot;orientation&quot;:&quot;0&quot;}\" data-image-title=\"1991-03-12_Il Piccolo (Morandi) prima pagina\" data-image-description=\"\" data-medium-file=\"https:\/\/i0.wp.com\/www.radiowest.it\/wp-content\/uploads\/2025\/11\/1991-03-12_Il-Piccolo-Morandi-prima-pagina.jpg?fit=203%2C300&#038;ssl=1\" data-large-file=\"https:\/\/i0.wp.com\/www.radiowest.it\/wp-content\/uploads\/2025\/11\/1991-03-12_Il-Piccolo-Morandi-prima-pagina.jpg?fit=487%2C720&#038;ssl=1\" src=\"https:\/\/i0.wp.com\/www.radiowest.it\/wp-content\/uploads\/2025\/11\/1991-03-12_Il-Piccolo-Morandi-prima-pagina.jpg?w=219&#038;h=324&#038;ssl=1\" width=\"219\" height=\"324\" data-original-width=\"219\" data-original-height=\"324\" itemprop=\"http:\/\/schema.org\/image\" title=\"1991-03-12_Il Piccolo (Morandi) prima pagina\" alt=\"Il Piccolo, prima pagina (12 marzo 1991)\" style=\"width: 219px; height: 324px;\" \/> <\/a> <div class=\"tiled-gallery-caption\" itemprop=\"caption description\"> Il Piccolo, prima pagina (12 marzo 1991) <\/div> <\/div> <\/div> <!-- close group --> <div class=\"gallery-group images-1\" style=\"width: 366px; height: 328px;\" data-original-width=\"366\" data-original-height=\"328\" > <div class=\"tiled-gallery-item tiled-gallery-item-large\" itemprop=\"associatedMedia\" itemscope itemtype=\"http:\/\/schema.org\/ImageObject\"> <a href=\"https:\/\/i0.wp.com\/www.radiowest.it\/wp-content\/uploads\/2025\/11\/1991-03-12_Il-Piccolo-Morandi.jpg?ssl=1\" border=\"0\" itemprop=\"url\"> <meta itemprop=\"width\" content=\"362\"> <meta itemprop=\"height\" content=\"324\"> <img loading=\"lazy\" data-attachment-id=\"7147\" data-orig-file=\"https:\/\/www.radiowest.it\/wp-content\/uploads\/2025\/11\/1991-03-12_Il-Piccolo-Morandi.jpg\" data-orig-size=\"899,804\" data-comments-opened=\"1\" data-image-meta=\"{&quot;aperture&quot;:&quot;0&quot;,&quot;credit&quot;:&quot;&quot;,&quot;camera&quot;:&quot;&quot;,&quot;caption&quot;:&quot;&quot;,&quot;created_timestamp&quot;:&quot;0&quot;,&quot;copyright&quot;:&quot;&quot;,&quot;focal_length&quot;:&quot;0&quot;,&quot;iso&quot;:&quot;0&quot;,&quot;shutter_speed&quot;:&quot;0&quot;,&quot;title&quot;:&quot;&quot;,&quot;orientation&quot;:&quot;0&quot;}\" data-image-title=\"1991-03-12_Il Piccolo (Morandi)\" data-image-description=\"\" data-medium-file=\"https:\/\/i0.wp.com\/www.radiowest.it\/wp-content\/uploads\/2025\/11\/1991-03-12_Il-Piccolo-Morandi.jpg?fit=300%2C268&#038;ssl=1\" data-large-file=\"https:\/\/i0.wp.com\/www.radiowest.it\/wp-content\/uploads\/2025\/11\/1991-03-12_Il-Piccolo-Morandi.jpg?fit=899%2C804&#038;ssl=1\" src=\"https:\/\/i0.wp.com\/www.radiowest.it\/wp-content\/uploads\/2025\/11\/1991-03-12_Il-Piccolo-Morandi.jpg?w=362&#038;h=324&#038;ssl=1\" width=\"362\" height=\"324\" data-original-width=\"362\" data-original-height=\"324\" itemprop=\"http:\/\/schema.org\/image\" title=\"1991-03-12_Il Piccolo (Morandi)\" alt=\"Il Piccolo (12 marzo 1991)\" style=\"width: 362px; height: 324px;\" \/> <\/a> <div class=\"tiled-gallery-caption\" itemprop=\"caption description\"> Il Piccolo (12 marzo 1991) <\/div> <\/div> <\/div> <!-- close group --> <div class=\"gallery-group images-1\" style=\"width: 105px; height: 328px;\" data-original-width=\"105\" data-original-height=\"328\" > <div class=\"tiled-gallery-item tiled-gallery-item-small\" itemprop=\"associatedMedia\" itemscope itemtype=\"http:\/\/schema.org\/ImageObject\"> <a href=\"https:\/\/i0.wp.com\/www.radiowest.it\/wp-content\/uploads\/2025\/11\/1991-03-16_Il-Piccolo-Morandi-in-evidenza.jpg?ssl=1\" border=\"0\" itemprop=\"url\"> <meta itemprop=\"width\" content=\"101\"> <meta itemprop=\"height\" content=\"324\"> <img loading=\"lazy\" data-attachment-id=\"7148\" data-orig-file=\"https:\/\/www.radiowest.it\/wp-content\/uploads\/2025\/11\/1991-03-16_Il-Piccolo-Morandi-in-evidenza.jpg\" data-orig-size=\"288,921\" data-comments-opened=\"1\" data-image-meta=\"{&quot;aperture&quot;:&quot;0&quot;,&quot;credit&quot;:&quot;&quot;,&quot;camera&quot;:&quot;&quot;,&quot;caption&quot;:&quot;&quot;,&quot;created_timestamp&quot;:&quot;0&quot;,&quot;copyright&quot;:&quot;&quot;,&quot;focal_length&quot;:&quot;0&quot;,&quot;iso&quot;:&quot;0&quot;,&quot;shutter_speed&quot;:&quot;0&quot;,&quot;title&quot;:&quot;&quot;,&quot;orientation&quot;:&quot;0&quot;}\" data-image-title=\"1991-03-16_Il Piccolo (Morandi) in evidenza\" data-image-description=\"\" data-medium-file=\"https:\/\/i0.wp.com\/www.radiowest.it\/wp-content\/uploads\/2025\/11\/1991-03-16_Il-Piccolo-Morandi-in-evidenza.jpg?fit=94%2C300&#038;ssl=1\" data-large-file=\"https:\/\/i0.wp.com\/www.radiowest.it\/wp-content\/uploads\/2025\/11\/1991-03-16_Il-Piccolo-Morandi-in-evidenza.jpg?fit=288%2C921&#038;ssl=1\" src=\"https:\/\/i0.wp.com\/www.radiowest.it\/wp-content\/uploads\/2025\/11\/1991-03-16_Il-Piccolo-Morandi-in-evidenza.jpg?w=101&#038;h=324&#038;ssl=1\" width=\"101\" height=\"324\" data-original-width=\"101\" data-original-height=\"324\" itemprop=\"http:\/\/schema.org\/image\" title=\"1991-03-16_Il Piccolo (Morandi) in evidenza\" alt=\"Il Piccolo (16 marzo 1991)\" style=\"width: 101px; height: 324px;\" \/> <\/a> <div class=\"tiled-gallery-caption\" itemprop=\"caption description\"> Il Piccolo (16 marzo 1991) <\/div> <\/div> <\/div> <!-- close group --> <\/div> <!-- close row --> <div class=\"gallery-row\" style=\"width: 1200px; height: 607px;\" data-original-width=\"1200\" data-original-height=\"607\" > <div class=\"gallery-group images-1\" style=\"width: 616px; height: 607px;\" data-original-width=\"616\" data-original-height=\"607\" > <div class=\"tiled-gallery-item tiled-gallery-item-large\" itemprop=\"associatedMedia\" itemscope itemtype=\"http:\/\/schema.org\/ImageObject\"> <a href=\"https:\/\/i0.wp.com\/www.radiowest.it\/wp-content\/uploads\/2025\/11\/1991-03-19_Il-Piccolo-Morandi.jpg?ssl=1\" border=\"0\" itemprop=\"url\"> <meta itemprop=\"width\" content=\"612\"> <meta itemprop=\"height\" content=\"603\"> <img loading=\"lazy\" data-attachment-id=\"7149\" data-orig-file=\"https:\/\/www.radiowest.it\/wp-content\/uploads\/2025\/11\/1991-03-19_Il-Piccolo-Morandi.jpg\" data-orig-size=\"718,707\" data-comments-opened=\"1\" data-image-meta=\"{&quot;aperture&quot;:&quot;0&quot;,&quot;credit&quot;:&quot;&quot;,&quot;camera&quot;:&quot;&quot;,&quot;caption&quot;:&quot;&quot;,&quot;created_timestamp&quot;:&quot;0&quot;,&quot;copyright&quot;:&quot;&quot;,&quot;focal_length&quot;:&quot;0&quot;,&quot;iso&quot;:&quot;0&quot;,&quot;shutter_speed&quot;:&quot;0&quot;,&quot;title&quot;:&quot;&quot;,&quot;orientation&quot;:&quot;0&quot;}\" data-image-title=\"1991-03-19_Il Piccolo (Morandi)\" data-image-description=\"\" data-medium-file=\"https:\/\/i0.wp.com\/www.radiowest.it\/wp-content\/uploads\/2025\/11\/1991-03-19_Il-Piccolo-Morandi.jpg?fit=300%2C295&#038;ssl=1\" data-large-file=\"https:\/\/i0.wp.com\/www.radiowest.it\/wp-content\/uploads\/2025\/11\/1991-03-19_Il-Piccolo-Morandi.jpg?fit=718%2C707&#038;ssl=1\" src=\"https:\/\/i0.wp.com\/www.radiowest.it\/wp-content\/uploads\/2025\/11\/1991-03-19_Il-Piccolo-Morandi.jpg?w=612&#038;h=603&#038;ssl=1\" width=\"612\" height=\"603\" data-original-width=\"612\" data-original-height=\"603\" itemprop=\"http:\/\/schema.org\/image\" title=\"1991-03-19_Il Piccolo (Morandi)\" alt=\"Il Piccolo (19 marzo 1991)\" style=\"width: 612px; height: 603px;\" \/> <\/a> <div class=\"tiled-gallery-caption\" itemprop=\"caption description\"> Il Piccolo (19 marzo 1991) <\/div> <\/div> <\/div> <!-- close group --> <div class=\"gallery-group images-1\" style=\"width: 584px; height: 607px;\" data-original-width=\"584\" data-original-height=\"607\" > <div class=\"tiled-gallery-item tiled-gallery-item-large\" itemprop=\"associatedMedia\" itemscope itemtype=\"http:\/\/schema.org\/ImageObject\"> <a href=\"https:\/\/i0.wp.com\/www.radiowest.it\/wp-content\/uploads\/2025\/11\/1991-03-14_Novese-Morandi.jpg?ssl=1\" border=\"0\" itemprop=\"url\"> <meta itemprop=\"width\" content=\"580\"> <meta itemprop=\"height\" content=\"603\"> <img loading=\"lazy\" data-attachment-id=\"7150\" data-orig-file=\"https:\/\/www.radiowest.it\/wp-content\/uploads\/2025\/11\/1991-03-14_Novese-Morandi.jpg\" data-orig-size=\"588,611\" data-comments-opened=\"1\" data-image-meta=\"{&quot;aperture&quot;:&quot;0&quot;,&quot;credit&quot;:&quot;&quot;,&quot;camera&quot;:&quot;&quot;,&quot;caption&quot;:&quot;&quot;,&quot;created_timestamp&quot;:&quot;0&quot;,&quot;copyright&quot;:&quot;&quot;,&quot;focal_length&quot;:&quot;0&quot;,&quot;iso&quot;:&quot;0&quot;,&quot;shutter_speed&quot;:&quot;0&quot;,&quot;title&quot;:&quot;&quot;,&quot;orientation&quot;:&quot;0&quot;}\" data-image-title=\"1991-03-14_Novese (Morandi)\" data-image-description=\"\" data-medium-file=\"https:\/\/i0.wp.com\/www.radiowest.it\/wp-content\/uploads\/2025\/11\/1991-03-14_Novese-Morandi.jpg?fit=289%2C300&#038;ssl=1\" data-large-file=\"https:\/\/i0.wp.com\/www.radiowest.it\/wp-content\/uploads\/2025\/11\/1991-03-14_Novese-Morandi.jpg?fit=588%2C611&#038;ssl=1\" src=\"https:\/\/i0.wp.com\/www.radiowest.it\/wp-content\/uploads\/2025\/11\/1991-03-14_Novese-Morandi.jpg?w=580&#038;h=603&#038;ssl=1\" width=\"580\" height=\"603\" data-original-width=\"580\" data-original-height=\"603\" itemprop=\"http:\/\/schema.org\/image\" title=\"1991-03-14_Novese (Morandi)\" alt=\"Il Novese (14 marzo 1991)\" style=\"width: 580px; height: 603px;\" \/> <\/a> <div class=\"tiled-gallery-caption\" itemprop=\"caption description\"> Il Novese (14 marzo 1991) <\/div> <\/div> <\/div> <!-- close group --> <\/div> <!-- close row --> <\/div>\t\t<\/div>\n\t\t\t\t<\/div>\n\t\t\t\t<\/div>\n\t\t\t\t\t\t<\/div>\n\t\t\t\t\t<\/div>\n\t\t<\/div>\n\t\t\t\t\t\t\t\t<\/div>\n\t\t\t\t\t<\/div>\n\t\t<\/section>\n\t\t\t\t<section class=\"elementor-section elementor-top-section elementor-element elementor-element-23fa83f elementor-section-boxed elementor-section-height-default elementor-section-height-default\" data-id=\"23fa83f\" data-element_type=\"section\">\n\t\t\t\t\t\t<div class=\"elementor-container elementor-column-gap-default\">\n\t\t\t\t\t\t\t<div class=\"elementor-row\">\n\t\t\t\t\t<div class=\"elementor-column elementor-col-100 elementor-top-column elementor-element elementor-element-6113c21\" data-id=\"6113c21\" data-element_type=\"column\">\n\t\t\t<div class=\"elementor-column-wrap elementor-element-populated\">\n\t\t\t\t\t\t\t<div class=\"elementor-widget-wrap\">\n\t\t\t\t\t\t<div class=\"elementor-element elementor-element-fcddc63 elementor-widget-divider--view-line elementor-widget elementor-widget-divider\" data-id=\"fcddc63\" data-element_type=\"widget\" data-widget_type=\"divider.default\">\n\t\t\t\t<div class=\"elementor-widget-container\">\n\t\t\t\t\t<div class=\"elementor-divider\">\n\t\t\t<span class=\"elementor-divider-separator\">\n\t\t\t\t\t\t<\/span>\n\t\t<\/div>\n\t\t\t\t<\/div>\n\t\t\t\t<\/div>\n\t\t\t\t<div class=\"elementor-element elementor-element-973c529 elementor-widget elementor-widget-heading\" data-id=\"973c529\" data-element_type=\"widget\" data-widget_type=\"heading.default\">\n\t\t\t\t<div class=\"elementor-widget-container\">\n\t\t\t<h2 class=\"elementor-heading-title elementor-size-default\">il video: la registrazione integrale di un concerto del tour<\/h2>\t\t<\/div>\n\t\t\t\t<\/div>\n\t\t\t\t<div class=\"elementor-element elementor-element-84cde23 elementor-widget elementor-widget-text-editor\" data-id=\"84cde23\" data-element_type=\"widget\" data-widget_type=\"text-editor.default\">\n\t\t\t\t<div class=\"elementor-widget-container\">\n\t\t\t\t\t\t\t\t<div class=\"elementor-text-editor elementor-clearfix\">\n\t\t\t\t<p>Per farsi un&#8217;idea del concerto di Alessandria, ecco il filmato registrato a Bologna il 26 dicembre 1990. Con questa serata Morandi avrebbe dovuto concludere in grande il tour di &#8220;Teatro sotto la tenda&#8221;, ma visto il travolgente successo, nei mesi successivi riprese appunto a girare per l&#8217;Italia. Ospiti sul palco Enrico Ruggeri e Red Ronnie, l&#8217;ideatore della formula vincente di questo tour. Il concerto \u00e8 stato trasmesso su Italia 1 il 18 aprile 1991 (quindi poco pi\u00f9 di un mese dopo la serata organizzata da Radio West ad Alessandria) e nello stesso anno \u00e8 uscito su videocassetta con il titolo &#8220;Live &#8211; Sotto la tenda&#8221;.<\/p>\t\t\t\t\t<\/div>\n\t\t\t\t\t\t<\/div>\n\t\t\t\t<\/div>\n\t\t\t\t<div class=\"elementor-element elementor-element-ac4b154 elementor-aspect-ratio-169 elementor-widget elementor-widget-video\" data-id=\"ac4b154\" data-element_type=\"widget\" data-settings=\"{&quot;youtube_url&quot;:&quot;https:\\\/\\\/www.youtube.com\\\/watch?v=wibnvCyCwC0&quot;,&quot;video_type&quot;:&quot;youtube&quot;,&quot;controls&quot;:&quot;yes&quot;,&quot;aspect_ratio&quot;:&quot;169&quot;}\" data-widget_type=\"video.default\">\n\t\t\t\t<div class=\"elementor-widget-container\">\n\t\t\t\t\t<div class=\"elementor-wrapper elementor-fit-aspect-ratio elementor-open-inline\">\n\t\t\t<div class=\"elementor-video\"><\/div>\t\t<\/div>\n\t\t\t\t<\/div>\n\t\t\t\t<\/div>\n\t\t\t\t<div class=\"elementor-element elementor-element-a770012 elementor-widget-divider--view-line elementor-widget elementor-widget-divider\" data-id=\"a770012\" data-element_type=\"widget\" data-widget_type=\"divider.default\">\n\t\t\t\t<div class=\"elementor-widget-container\">\n\t\t\t\t\t<div class=\"elementor-divider\">\n\t\t\t<span class=\"elementor-divider-separator\">\n\t\t\t\t\t\t<\/span>\n\t\t<\/div>\n\t\t\t\t<\/div>\n\t\t\t\t<\/div>\n\t\t\t\t\t\t<\/div>\n\t\t\t\t\t<\/div>\n\t\t<\/div>\n\t\t\t\t\t\t\t\t<\/div>\n\t\t\t\t\t<\/div>\n\t\t<\/section>\n\t\t\t\t<section class=\"elementor-section elementor-top-section elementor-element elementor-element-07e5719 elementor-section-boxed elementor-section-height-default elementor-section-height-default\" data-id=\"07e5719\" data-element_type=\"section\">\n\t\t\t\t\t\t<div class=\"elementor-container elementor-column-gap-default\">\n\t\t\t\t\t\t\t<div class=\"elementor-row\">\n\t\t\t\t\t<div class=\"elementor-column elementor-col-100 elementor-top-column elementor-element elementor-element-59000d4\" data-id=\"59000d4\" data-element_type=\"column\">\n\t\t\t<div class=\"elementor-column-wrap elementor-element-populated\">\n\t\t\t\t\t\t\t<div class=\"elementor-widget-wrap\">\n\t\t\t\t\t\t<div class=\"elementor-element elementor-element-a6de28a elementor-widget elementor-widget-heading\" data-id=\"a6de28a\" data-element_type=\"widget\" data-widget_type=\"heading.default\">\n\t\t\t\t<div class=\"elementor-widget-container\">\n\t\t\t<h2 class=\"elementor-heading-title elementor-size-default\">la locandina<\/h2>\t\t<\/div>\n\t\t\t\t<\/div>\n\t\t\t\t<div class=\"elementor-element elementor-element-a84b454 elementor-widget elementor-widget-image\" data-id=\"a84b454\" data-element_type=\"widget\" data-widget_type=\"image.default\">\n\t\t\t\t<div class=\"elementor-widget-container\">\n\t\t\t\t\t\t\t\t<div class=\"elementor-image\">\n\t\t\t\t\t\t\t\t\t\t\t\t<img width=\"715\" height=\"1024\" src=\"https:\/\/i0.wp.com\/www.radiowest.it\/wp-content\/uploads\/2020\/07\/DSC3998-scaled.jpg?fit=715%2C1024&amp;ssl=1\" class=\"attachment-large size-large\" alt=\"\" loading=\"lazy\" srcset=\"https:\/\/i0.wp.com\/www.radiowest.it\/wp-content\/uploads\/2020\/07\/DSC3998-scaled.jpg?w=1788&amp;ssl=1 1788w, https:\/\/i0.wp.com\/www.radiowest.it\/wp-content\/uploads\/2020\/07\/DSC3998-scaled.jpg?resize=210%2C300&amp;ssl=1 210w, https:\/\/i0.wp.com\/www.radiowest.it\/wp-content\/uploads\/2020\/07\/DSC3998-scaled.jpg?resize=715%2C1024&amp;ssl=1 715w, https:\/\/i0.wp.com\/www.radiowest.it\/wp-content\/uploads\/2020\/07\/DSC3998-scaled.jpg?resize=768%2C1100&amp;ssl=1 768w, https:\/\/i0.wp.com\/www.radiowest.it\/wp-content\/uploads\/2020\/07\/DSC3998-scaled.jpg?resize=1073%2C1536&amp;ssl=1 1073w, https:\/\/i0.wp.com\/www.radiowest.it\/wp-content\/uploads\/2020\/07\/DSC3998-scaled.jpg?resize=1430%2C2048&amp;ssl=1 1430w\" sizes=\"(max-width: 715px) 100vw, 715px\" \/>\t\t\t\t\t\t\t\t\t\t\t\t\t\t<\/div>\n\t\t\t\t\t\t<\/div>\n\t\t\t\t<\/div>\n\t\t\t\t\t\t<\/div>\n\t\t\t\t\t<\/div>\n\t\t<\/div>\n\t\t\t\t\t\t\t\t<\/div>\n\t\t\t\t\t<\/div>\n\t\t<\/section>\n\t\t\t\t\t\t<\/div>\n\t\t\t\t\t\t<\/div>\n\t\t\t\t\t<\/div>\n\t\t","protected":false},"excerpt":{"rendered":"<p>Per promuovere l&#8217;album Variet\u00e0, pubblicato a fine 1989, l&#8217;anno successivo Morandi intraprese un fortunato tour caratterizzato da una singolare formula: si presentava da solo sul palco, allestito al centro di un teatro tenda in mezzo al pubblico, una sorta di ring. Supportato solo dalla sua chitarra acustica e sporadicamente da qualche base musicale, dava immediata [&hellip;]<\/p>\n","protected":false},"author":5,"featured_media":2362,"comment_status":"open","ping_status":"open","sticky":false,"template":"","format":"standard","meta":{"_monsterinsights_skip_tracking":false,"_monsterinsights_sitenote_active":false,"_monsterinsights_sitenote_note":"","_monsterinsights_sitenote_category":0,"spay_email":""},"categories":[129],"tags":[],"jetpack_featured_media_url":"https:\/\/i0.wp.com\/www.radiowest.it\/wp-content\/uploads\/2020\/07\/DSC3998-scaled.jpg?fit=1788%2C2560&ssl=1","jetpack_sharing_enabled":true,"_links":{"self":[{"href":"https:\/\/www.radiowest.it\/index.php\/wp-json\/wp\/v2\/posts\/4684"}],"collection":[{"href":"https:\/\/www.radiowest.it\/index.php\/wp-json\/wp\/v2\/posts"}],"about":[{"href":"https:\/\/www.radiowest.it\/index.php\/wp-json\/wp\/v2\/types\/post"}],"author":[{"embeddable":true,"href":"https:\/\/www.radiowest.it\/index.php\/wp-json\/wp\/v2\/users\/5"}],"replies":[{"embeddable":true,"href":"https:\/\/www.radiowest.it\/index.php\/wp-json\/wp\/v2\/comments?post=4684"}],"version-history":[{"count":52,"href":"https:\/\/www.radiowest.it\/index.php\/wp-json\/wp\/v2\/posts\/4684\/revisions"}],"predecessor-version":[{"id":7162,"href":"https:\/\/www.radiowest.it\/index.php\/wp-json\/wp\/v2\/posts\/4684\/revisions\/7162"}],"wp:featuredmedia":[{"embeddable":true,"href":"https:\/\/www.radiowest.it\/index.php\/wp-json\/wp\/v2\/media\/2362"}],"wp:attachment":[{"href":"https:\/\/www.radiowest.it\/index.php\/wp-json\/wp\/v2\/media?parent=4684"}],"wp:term":[{"taxonomy":"category","embeddable":true,"href":"https:\/\/www.radiowest.it\/index.php\/wp-json\/wp\/v2\/categories?post=4684"},{"taxonomy":"post_tag","embeddable":true,"href":"https:\/\/www.radiowest.it\/index.php\/wp-json\/wp\/v2\/tags?post=4684"}],"curies":[{"name":"wp","href":"https:\/\/api.w.org\/{rel}","templated":true}]}}