{"id":3197,"date":"2021-04-09T07:23:30","date_gmt":"2021-04-09T07:23:30","guid":{"rendered":"https:\/\/www.radiowest.it\/?p=3197"},"modified":"2022-02-26T09:28:31","modified_gmt":"2022-02-26T09:28:31","slug":"battagliadelleband","status":"publish","type":"post","link":"https:\/\/www.radiowest.it\/index.php\/battagliadelleband\/","title":{"rendered":"La Battaglia delle band (1987)"},"content":{"rendered":"\t\t<div data-elementor-type=\"wp-post\" data-elementor-id=\"3197\" class=\"elementor elementor-3197\" data-elementor-settings=\"[]\">\n\t\t\t\t\t\t<div class=\"elementor-inner\">\n\t\t\t\t\t\t\t<div class=\"elementor-section-wrap\">\n\t\t\t\t\t\t\t<section class=\"elementor-section elementor-top-section elementor-element elementor-element-f0ce49e elementor-section-boxed elementor-section-height-default elementor-section-height-default\" data-id=\"f0ce49e\" data-element_type=\"section\">\n\t\t\t\t\t\t<div class=\"elementor-container elementor-column-gap-default\">\n\t\t\t\t\t\t\t<div class=\"elementor-row\">\n\t\t\t\t\t<div class=\"elementor-column elementor-col-100 elementor-top-column elementor-element elementor-element-41c01e0\" data-id=\"41c01e0\" data-element_type=\"column\">\n\t\t\t<div class=\"elementor-column-wrap elementor-element-populated\">\n\t\t\t\t\t\t\t<div class=\"elementor-widget-wrap\">\n\t\t\t\t\t\t<div class=\"elementor-element elementor-element-f9c47c9 elementor-widget elementor-widget-text-editor\" data-id=\"f9c47c9\" data-element_type=\"widget\" data-widget_type=\"text-editor.default\">\n\t\t\t\t<div class=\"elementor-widget-container\">\n\t\t\t\t\t\t\t\t<div class=\"elementor-text-editor elementor-clearfix\">\n\t\t\t\t<p>Rassegna riservata a gruppi esordienti o emergenti, con cui si concretizza l\u2019attenzione di Radio West per le realt\u00e0 del territorio (in qualche caso i ragazzi provengono anche da fuori provincia e dalla Liguria). Rispetto al recente passato, la radio si rende conto che nel 1987 \u00e8 diventato pi\u00f9 facile dare spazio ai gruppi di base, grazie alla scossa al mercato prodotta dai Litfiba e dal nuovo rock italiano. La rassegna registra il tutto esaurito in tutte le serate, complici le fedelissime <em>claques<\/em> che ogni band si porta al seguito, ma anche la capacit\u00e0 della radio di sollecitare attenzione in una citt\u00e0 come Ovada, lontana dalla sua zona di stretta influenza.<\/p>\t\t\t\t\t<\/div>\n\t\t\t\t\t\t<\/div>\n\t\t\t\t<\/div>\n\t\t\t\t<div class=\"elementor-element elementor-element-941564e elementor-widget-divider--view-line elementor-widget elementor-widget-divider\" data-id=\"941564e\" data-element_type=\"widget\" data-widget_type=\"divider.default\">\n\t\t\t\t<div class=\"elementor-widget-container\">\n\t\t\t\t\t<div class=\"elementor-divider\">\n\t\t\t<span class=\"elementor-divider-separator\">\n\t\t\t\t\t\t<\/span>\n\t\t<\/div>\n\t\t\t\t<\/div>\n\t\t\t\t<\/div>\n\t\t\t\t<div class=\"elementor-element elementor-element-e234297 elementor-icon-list--layout-traditional elementor-list-item-link-full_width elementor-widget elementor-widget-icon-list\" data-id=\"e234297\" data-element_type=\"widget\" data-widget_type=\"icon-list.default\">\n\t\t\t\t<div class=\"elementor-widget-container\">\n\t\t\t\t\t<ul class=\"elementor-icon-list-items\">\n\t\t\t\t\t\t\t<li class=\"elementor-icon-list-item\">\n\t\t\t\t\t\t\t\t\t\t\t<span class=\"elementor-icon-list-icon\">\n\t\t\t\t\t\t\t<i aria-hidden=\"true\" class=\"far fa-calendar-alt\"><\/i>\t\t\t\t\t\t<\/span>\n\t\t\t\t\t\t\t\t\t\t<span class=\"elementor-icon-list-text\">Primavera 1987<\/span>\n\t\t\t\t\t\t\t\t\t<\/li>\n\t\t\t\t\t\t\t\t<li class=\"elementor-icon-list-item\">\n\t\t\t\t\t\t\t\t\t\t\t<span class=\"elementor-icon-list-icon\">\n\t\t\t\t\t\t\t<i aria-hidden=\"true\" class=\"fas fa-baby\"><\/i>\t\t\t\t\t\t<\/span>\n\t\t\t\t\t\t\t\t\t\t<span class=\"elementor-icon-list-text\">22 gruppi partecipanti, tra i quali:<span style=\"font-size: 18px; text-align: justify; text-indent: -7.1pt;\"> i White City, che in finale prevalgono sui<\/span><span style=\"font-family: Cabin, Cabin, sans-serif; font-size: 18px; font-style: normal; font-variant-ligatures: normal; font-variant-caps: normal; font-weight: 400; text-align: justify; text-indent: -9.46667px;\"> Sound Jester (Tortona-Novi); i semifinalisti <\/span><span style=\"font-variant-ligatures: normal; font-variant-caps: normal; font-family: Cabin, Cabin, sans-serif; font-size: 18px; font-style: normal; font-weight: 400; text-align: justify; text-indent: -7.1pt;\">Underfire <\/span><span style=\"font-variant-ligatures: normal; font-variant-caps: normal; font-family: Cabin, Cabin, sans-serif; font-size: 18px; font-style: normal; font-weight: 400; text-align: justify; text-indent: -7.1pt;\">(Canelli) e Dam (Valenza); poi <\/span><span style=\"font-size: 18px; text-align: justify; text-indent: -7.1pt;\">Mortuary Drape, Acido, Stratos Wave (i <\/span><span style=\"font-size: 18px; text-align: justify; text-indent: -7.1pt;\">futuri Riservato), Dan Lavil, Zotto (Alessandria), Bambini caleidoscopici e <\/span><span style=\"font-size: 18px; text-align: justify; text-indent: -7.1pt;\">Deafs (Novi Ligure), C.V.D. (Tortona), <\/span><span style=\"font-size: 18px; text-align: justify; text-indent: -7.1pt;\">Fabulous Blues on the Road (Fresonara), Juliano Band <\/span><span style=\"font-size: 18px; text-align: justify; text-indent: -7.1pt;\">(Ovada).<\/span>..<\/span>\n\t\t\t\t\t\t\t\t\t<\/li>\n\t\t\t\t\t\t\t\t<li class=\"elementor-icon-list-item\">\n\t\t\t\t\t\t\t\t\t\t\t<span class=\"elementor-icon-list-icon\">\n\t\t\t\t\t\t\t<i aria-hidden=\"true\" class=\"fas fa-map-marker-alt\"><\/i>\t\t\t\t\t\t<\/span>\n\t\t\t\t\t\t\t\t\t\t<span class=\"elementor-icon-list-text\">Discoteca Apple di Ovada, anche organizzatrice della manifestazione. La radio si occupa del supporto tecnico e della selezione dei partecipanti.<\/span>\n\t\t\t\t\t\t\t\t\t<\/li>\n\t\t\t\t\t\t<\/ul>\n\t\t\t\t<\/div>\n\t\t\t\t<\/div>\n\t\t\t\t\t\t<\/div>\n\t\t\t\t\t<\/div>\n\t\t<\/div>\n\t\t\t\t\t\t\t\t<\/div>\n\t\t\t\t\t<\/div>\n\t\t<\/section>\n\t\t\t\t<section class=\"elementor-section elementor-top-section elementor-element elementor-element-c5496af elementor-section-boxed elementor-section-height-default elementor-section-height-default\" data-id=\"c5496af\" data-element_type=\"section\">\n\t\t\t\t\t\t<div class=\"elementor-container elementor-column-gap-default\">\n\t\t\t\t\t\t\t<div class=\"elementor-row\">\n\t\t\t\t\t<div class=\"elementor-column elementor-col-100 elementor-top-column elementor-element elementor-element-d95e85c\" data-id=\"d95e85c\" data-element_type=\"column\">\n\t\t\t<div class=\"elementor-column-wrap elementor-element-populated\">\n\t\t\t\t\t\t\t<div class=\"elementor-widget-wrap\">\n\t\t\t\t\t\t<div class=\"elementor-element elementor-element-234c5fb elementor-widget-divider--view-line elementor-widget elementor-widget-divider\" data-id=\"234c5fb\" data-element_type=\"widget\" data-widget_type=\"divider.default\">\n\t\t\t\t<div class=\"elementor-widget-container\">\n\t\t\t\t\t<div class=\"elementor-divider\">\n\t\t\t<span class=\"elementor-divider-separator\">\n\t\t\t\t\t\t<\/span>\n\t\t<\/div>\n\t\t\t\t<\/div>\n\t\t\t\t<\/div>\n\t\t\t\t<div class=\"elementor-element elementor-element-1e0dd2d elementor-widget elementor-widget-heading\" data-id=\"1e0dd2d\" data-element_type=\"widget\" data-widget_type=\"heading.default\">\n\t\t\t\t<div class=\"elementor-widget-container\">\n\t\t\t<h2 class=\"elementor-heading-title elementor-size-default\">album foto e rassegna stampa<\/h2>\t\t<\/div>\n\t\t\t\t<\/div>\n\t\t\t\t<div class=\"elementor-element elementor-element-d78072a gallery-spacing-custom elementor-widget elementor-widget-image-gallery\" data-id=\"d78072a\" data-element_type=\"widget\" data-widget_type=\"image-gallery.default\">\n\t\t\t\t<div class=\"elementor-widget-container\">\n\t\t\t\t\t<div class=\"elementor-image-gallery\">\n\t\t\t<div class=\"tiled-gallery type-rectangular tiled-gallery-unresized\" data-original-width=\"1200\" data-carousel-extra='null' itemscope itemtype=\"http:\/\/schema.org\/ImageGallery\" > <div class=\"gallery-row\" style=\"width: 1200px; height: 362px;\" data-original-width=\"1200\" data-original-height=\"362\" > <div class=\"gallery-group images-1\" style=\"width: 176px; height: 362px;\" data-original-width=\"176\" data-original-height=\"362\" > <div class=\"tiled-gallery-item tiled-gallery-item-small\" itemprop=\"associatedMedia\" itemscope itemtype=\"http:\/\/schema.org\/ImageObject\"> <a href=\"https:\/\/i0.wp.com\/www.radiowest.it\/wp-content\/uploads\/2020\/10\/la-locandina-che-annuncia-il-concerto-dei-White-City-futuri-vincitori-della-Battaglia.jpg?ssl=1\" border=\"0\" itemprop=\"url\"> <meta itemprop=\"width\" content=\"172\"> <meta itemprop=\"height\" content=\"358\"> <img loading=\"lazy\" data-attachment-id=\"3200\" data-orig-file=\"https:\/\/www.radiowest.it\/wp-content\/uploads\/2020\/10\/la-locandina-che-annuncia-il-concerto-dei-White-City-futuri-vincitori-della-Battaglia.jpg\" data-orig-size=\"455,949\" data-comments-opened=\"1\" data-image-meta=\"{&quot;aperture&quot;:&quot;0&quot;,&quot;credit&quot;:&quot;&quot;,&quot;camera&quot;:&quot;&quot;,&quot;caption&quot;:&quot;&quot;,&quot;created_timestamp&quot;:&quot;0&quot;,&quot;copyright&quot;:&quot;&quot;,&quot;focal_length&quot;:&quot;0&quot;,&quot;iso&quot;:&quot;0&quot;,&quot;shutter_speed&quot;:&quot;0&quot;,&quot;title&quot;:&quot;&quot;,&quot;orientation&quot;:&quot;0&quot;}\" data-image-title=\"la locandina che annuncia una delle prime sfide dei White City, futuri vincitori della Battaglia\" data-image-description=\"\" data-medium-file=\"https:\/\/i0.wp.com\/www.radiowest.it\/wp-content\/uploads\/2020\/10\/la-locandina-che-annuncia-il-concerto-dei-White-City-futuri-vincitori-della-Battaglia.jpg?fit=144%2C300&#038;ssl=1\" data-large-file=\"https:\/\/i0.wp.com\/www.radiowest.it\/wp-content\/uploads\/2020\/10\/la-locandina-che-annuncia-il-concerto-dei-White-City-futuri-vincitori-della-Battaglia.jpg?fit=455%2C949&#038;ssl=1\" src=\"https:\/\/i0.wp.com\/www.radiowest.it\/wp-content\/uploads\/2020\/10\/la-locandina-che-annuncia-il-concerto-dei-White-City-futuri-vincitori-della-Battaglia.jpg?w=172&#038;h=358&#038;ssl=1\" width=\"172\" height=\"358\" data-original-width=\"172\" data-original-height=\"358\" itemprop=\"http:\/\/schema.org\/image\" title=\"la locandina che annuncia una delle prime sfide dei White City, futuri vincitori della Battaglia\" alt=\"la locandina che annuncia una delle prime sfide dei White City, futuri vincitori della Battaglia\" style=\"width: 172px; height: 358px;\" \/> <\/a> <\/div> <\/div> <!-- close group --> <div class=\"gallery-group images-1\" style=\"width: 103px; height: 362px;\" data-original-width=\"103\" data-original-height=\"362\" > <div class=\"tiled-gallery-item tiled-gallery-item-small\" itemprop=\"associatedMedia\" itemscope itemtype=\"http:\/\/schema.org\/ImageObject\"> <a href=\"https:\/\/i0.wp.com\/www.radiowest.it\/wp-content\/uploads\/2022\/02\/1987-03_Notes-Battaglia.jpg?ssl=1\" border=\"0\" itemprop=\"url\"> <meta itemprop=\"width\" content=\"99\"> <meta itemprop=\"height\" content=\"358\"> <img loading=\"lazy\" data-attachment-id=\"5094\" data-orig-file=\"https:\/\/www.radiowest.it\/wp-content\/uploads\/2022\/02\/1987-03_Notes-Battaglia.jpg\" data-orig-size=\"310,1116\" data-comments-opened=\"1\" data-image-meta=\"{&quot;aperture&quot;:&quot;0&quot;,&quot;credit&quot;:&quot;&quot;,&quot;camera&quot;:&quot;&quot;,&quot;caption&quot;:&quot;&quot;,&quot;created_timestamp&quot;:&quot;0&quot;,&quot;copyright&quot;:&quot;&quot;,&quot;focal_length&quot;:&quot;0&quot;,&quot;iso&quot;:&quot;0&quot;,&quot;shutter_speed&quot;:&quot;0&quot;,&quot;title&quot;:&quot;&quot;,&quot;orientation&quot;:&quot;0&quot;}\" data-image-title=\"1987-03_Notes (Battaglia)\" data-image-description=\"\" data-medium-file=\"https:\/\/i0.wp.com\/www.radiowest.it\/wp-content\/uploads\/2022\/02\/1987-03_Notes-Battaglia.jpg?fit=83%2C300&#038;ssl=1\" data-large-file=\"https:\/\/i0.wp.com\/www.radiowest.it\/wp-content\/uploads\/2022\/02\/1987-03_Notes-Battaglia.jpg?fit=284%2C1024&#038;ssl=1\" src=\"https:\/\/i0.wp.com\/www.radiowest.it\/wp-content\/uploads\/2022\/02\/1987-03_Notes-Battaglia.jpg?w=99&#038;h=358&#038;ssl=1\" width=\"99\" height=\"358\" data-original-width=\"99\" data-original-height=\"358\" itemprop=\"http:\/\/schema.org\/image\" title=\"1987-03_Notes (Battaglia)\" alt=\"Il regolamento della manifestazione su &quot;Notes&quot; (marzo 1987)\" style=\"width: 99px; height: 358px;\" \/> <\/a> <div class=\"tiled-gallery-caption\" itemprop=\"caption description\"> Il regolamento della manifestazione su &#8220;Notes&#8221; (marzo 1987) <\/div> <\/div> <\/div> <!-- close group --> <div class=\"gallery-group images-1\" style=\"width: 921px; height: 362px;\" data-original-width=\"921\" data-original-height=\"362\" > <div class=\"tiled-gallery-item tiled-gallery-item-large\" itemprop=\"associatedMedia\" itemscope itemtype=\"http:\/\/schema.org\/ImageObject\"> <a href=\"https:\/\/i0.wp.com\/www.radiowest.it\/wp-content\/uploads\/2022\/02\/1987-04_Notes-copertina-Battaglia-scaled.jpg?ssl=1\" border=\"0\" itemprop=\"url\"> <meta itemprop=\"width\" content=\"917\"> <meta itemprop=\"height\" content=\"358\"> <img loading=\"lazy\" data-attachment-id=\"5086\" data-orig-file=\"https:\/\/www.radiowest.it\/wp-content\/uploads\/2022\/02\/1987-04_Notes-copertina-Battaglia-scaled.jpg\" data-orig-size=\"2560,1000\" data-comments-opened=\"1\" data-image-meta=\"{&quot;aperture&quot;:&quot;0&quot;,&quot;credit&quot;:&quot;&quot;,&quot;camera&quot;:&quot;&quot;,&quot;caption&quot;:&quot;&quot;,&quot;created_timestamp&quot;:&quot;0&quot;,&quot;copyright&quot;:&quot;&quot;,&quot;focal_length&quot;:&quot;0&quot;,&quot;iso&quot;:&quot;0&quot;,&quot;shutter_speed&quot;:&quot;0&quot;,&quot;title&quot;:&quot;&quot;,&quot;orientation&quot;:&quot;0&quot;}\" data-image-title=\"1987-04_Notes (copertina, Battaglia)\" data-image-description=\"\" data-medium-file=\"https:\/\/i0.wp.com\/www.radiowest.it\/wp-content\/uploads\/2022\/02\/1987-04_Notes-copertina-Battaglia-scaled.jpg?fit=300%2C117&#038;ssl=1\" data-large-file=\"https:\/\/i0.wp.com\/www.radiowest.it\/wp-content\/uploads\/2022\/02\/1987-04_Notes-copertina-Battaglia-scaled.jpg?fit=1024%2C400&#038;ssl=1\" src=\"https:\/\/i0.wp.com\/www.radiowest.it\/wp-content\/uploads\/2022\/02\/1987-04_Notes-copertina-Battaglia-scaled.jpg?w=917&#038;h=358&#038;ssl=1\" width=\"917\" height=\"358\" data-original-width=\"917\" data-original-height=\"358\" itemprop=\"http:\/\/schema.org\/image\" title=\"1987-04_Notes (copertina, Battaglia)\" alt=\"&quot;La Battaglia&quot; in evidenza sulla copertina di Notes (aprile 1987)\" style=\"width: 917px; height: 358px;\" \/> <\/a> <div class=\"tiled-gallery-caption\" itemprop=\"caption description\"> &#8220;La Battaglia&#8221; in evidenza sulla copertina di Notes (aprile 1987) <\/div> <\/div> <\/div> <!-- close group --> <\/div> <!-- close row --> <div class=\"gallery-row\" style=\"width: 1200px; height: 943px;\" data-original-width=\"1200\" data-original-height=\"943\" > <div class=\"gallery-group images-1\" style=\"width: 836px; height: 943px;\" data-original-width=\"836\" data-original-height=\"943\" > <div class=\"tiled-gallery-item tiled-gallery-item-large\" itemprop=\"associatedMedia\" itemscope itemtype=\"http:\/\/schema.org\/ImageObject\"> <a href=\"https:\/\/i0.wp.com\/www.radiowest.it\/wp-content\/uploads\/2022\/02\/1987-04_Notes-editoriale.jpg?ssl=1\" border=\"0\" itemprop=\"url\"> <meta itemprop=\"width\" content=\"832\"> <meta itemprop=\"height\" content=\"939\"> <img loading=\"lazy\" data-attachment-id=\"5098\" data-orig-file=\"https:\/\/www.radiowest.it\/wp-content\/uploads\/2022\/02\/1987-04_Notes-editoriale.jpg\" data-orig-size=\"411,464\" data-comments-opened=\"1\" data-image-meta=\"{&quot;aperture&quot;:&quot;0&quot;,&quot;credit&quot;:&quot;&quot;,&quot;camera&quot;:&quot;&quot;,&quot;caption&quot;:&quot;&quot;,&quot;created_timestamp&quot;:&quot;0&quot;,&quot;copyright&quot;:&quot;&quot;,&quot;focal_length&quot;:&quot;0&quot;,&quot;iso&quot;:&quot;0&quot;,&quot;shutter_speed&quot;:&quot;0&quot;,&quot;title&quot;:&quot;&quot;,&quot;orientation&quot;:&quot;0&quot;}\" data-image-title=\"1987-04_Notes (editoriale)\" data-image-description=\"\" data-medium-file=\"https:\/\/i0.wp.com\/www.radiowest.it\/wp-content\/uploads\/2022\/02\/1987-04_Notes-editoriale.jpg?fit=266%2C300&#038;ssl=1\" data-large-file=\"https:\/\/i0.wp.com\/www.radiowest.it\/wp-content\/uploads\/2022\/02\/1987-04_Notes-editoriale.jpg?fit=411%2C464&#038;ssl=1\" src=\"https:\/\/i0.wp.com\/www.radiowest.it\/wp-content\/uploads\/2022\/02\/1987-04_Notes-editoriale.jpg?w=832&#038;h=939&#038;ssl=1\" width=\"832\" height=\"939\" data-original-width=\"832\" data-original-height=\"939\" itemprop=\"http:\/\/schema.org\/image\" title=\"1987-04_Notes (editoriale)\" alt=\"L&#039;estratto dall&#039;editoriale di &quot;Notes&quot; che annuncia lo speciale sulla Battaglia e sul Rock festival (aprile 1987)\" style=\"width: 832px; height: 939px;\" \/> <\/a> <div class=\"tiled-gallery-caption\" itemprop=\"caption description\"> L&#8217;estratto dall&#8217;editoriale di &#8220;Notes&#8221; che annuncia lo speciale sulla Battaglia e sul Rock festival (aprile 1987) <\/div> <\/div> <\/div> <!-- close group --> <div class=\"gallery-group images-3\" style=\"width: 364px; height: 943px;\" data-original-width=\"364\" data-original-height=\"943\" > <div class=\"tiled-gallery-item tiled-gallery-item-large\" itemprop=\"associatedMedia\" itemscope itemtype=\"http:\/\/schema.org\/ImageObject\"> <a href=\"https:\/\/i0.wp.com\/www.radiowest.it\/wp-content\/uploads\/2022\/02\/1987-04_Notes-La-Battaglia-delle-band-1.jpg?ssl=1\" border=\"0\" itemprop=\"url\"> <meta itemprop=\"width\" content=\"360\"> <meta itemprop=\"height\" content=\"293\"> <img loading=\"lazy\" data-attachment-id=\"5029\" data-orig-file=\"https:\/\/www.radiowest.it\/wp-content\/uploads\/2022\/02\/1987-04_Notes-La-Battaglia-delle-band-1.jpg\" data-orig-size=\"2009,1633\" data-comments-opened=\"1\" data-image-meta=\"{&quot;aperture&quot;:&quot;0&quot;,&quot;credit&quot;:&quot;&quot;,&quot;camera&quot;:&quot;&quot;,&quot;caption&quot;:&quot;&quot;,&quot;created_timestamp&quot;:&quot;0&quot;,&quot;copyright&quot;:&quot;&quot;,&quot;focal_length&quot;:&quot;0&quot;,&quot;iso&quot;:&quot;0&quot;,&quot;shutter_speed&quot;:&quot;0&quot;,&quot;title&quot;:&quot;&quot;,&quot;orientation&quot;:&quot;0&quot;}\" data-image-title=\"1987-04_Notes (La Battaglia delle band 1)\" data-image-description=\"\" data-medium-file=\"https:\/\/i0.wp.com\/www.radiowest.it\/wp-content\/uploads\/2022\/02\/1987-04_Notes-La-Battaglia-delle-band-1.jpg?fit=300%2C244&#038;ssl=1\" data-large-file=\"https:\/\/i0.wp.com\/www.radiowest.it\/wp-content\/uploads\/2022\/02\/1987-04_Notes-La-Battaglia-delle-band-1.jpg?fit=1024%2C832&#038;ssl=1\" src=\"https:\/\/i0.wp.com\/www.radiowest.it\/wp-content\/uploads\/2022\/02\/1987-04_Notes-La-Battaglia-delle-band-1.jpg?w=360&#038;h=293&#038;ssl=1\" width=\"360\" height=\"293\" data-original-width=\"360\" data-original-height=\"293\" itemprop=\"http:\/\/schema.org\/image\" title=\"1987-04_Notes (La Battaglia delle band 1)\" alt=\"Cronaca di una battaglia: l&#039;articolo di Giuseppe Iannicelli su Notes (aprile 1987)\" style=\"width: 360px; height: 293px;\" \/> <\/a> <div class=\"tiled-gallery-caption\" itemprop=\"caption description\"> Cronaca di una battaglia: l&#8217;articolo di Giuseppe Iannicelli su Notes (aprile 1987) <\/div> <\/div> <div class=\"tiled-gallery-item tiled-gallery-item-large\" itemprop=\"associatedMedia\" itemscope itemtype=\"http:\/\/schema.org\/ImageObject\"> <a href=\"https:\/\/i0.wp.com\/www.radiowest.it\/wp-content\/uploads\/2022\/02\/1987-04_Notes-La-Battaglia-delle-band-2.jpg?ssl=1\" border=\"0\" itemprop=\"url\"> <meta itemprop=\"width\" content=\"360\"> <meta itemprop=\"height\" content=\"356\"> <img loading=\"lazy\" data-attachment-id=\"5030\" data-orig-file=\"https:\/\/www.radiowest.it\/wp-content\/uploads\/2022\/02\/1987-04_Notes-La-Battaglia-delle-band-2.jpg\" data-orig-size=\"1667,1649\" data-comments-opened=\"1\" data-image-meta=\"{&quot;aperture&quot;:&quot;0&quot;,&quot;credit&quot;:&quot;&quot;,&quot;camera&quot;:&quot;&quot;,&quot;caption&quot;:&quot;&quot;,&quot;created_timestamp&quot;:&quot;0&quot;,&quot;copyright&quot;:&quot;&quot;,&quot;focal_length&quot;:&quot;0&quot;,&quot;iso&quot;:&quot;0&quot;,&quot;shutter_speed&quot;:&quot;0&quot;,&quot;title&quot;:&quot;&quot;,&quot;orientation&quot;:&quot;0&quot;}\" data-image-title=\"1987-04_Notes (La Battaglia delle band 2)\" data-image-description=\"\" data-medium-file=\"https:\/\/i0.wp.com\/www.radiowest.it\/wp-content\/uploads\/2022\/02\/1987-04_Notes-La-Battaglia-delle-band-2.jpg?fit=300%2C297&#038;ssl=1\" data-large-file=\"https:\/\/i0.wp.com\/www.radiowest.it\/wp-content\/uploads\/2022\/02\/1987-04_Notes-La-Battaglia-delle-band-2.jpg?fit=1024%2C1013&#038;ssl=1\" src=\"https:\/\/i0.wp.com\/www.radiowest.it\/wp-content\/uploads\/2022\/02\/1987-04_Notes-La-Battaglia-delle-band-2.jpg?w=360&#038;h=356&#038;ssl=1\" width=\"360\" height=\"356\" data-original-width=\"360\" data-original-height=\"356\" itemprop=\"http:\/\/schema.org\/image\" title=\"1987-04_Notes (La Battaglia delle band 2)\" alt=\"Seconda parte dell&#039;articolo di Iannicelli\" style=\"width: 360px; height: 356px;\" \/> <\/a> <div class=\"tiled-gallery-caption\" itemprop=\"caption description\"> Seconda parte dell&#8217;articolo di Iannicelli <\/div> <\/div> <div class=\"tiled-gallery-item tiled-gallery-item-large\" itemprop=\"associatedMedia\" itemscope itemtype=\"http:\/\/schema.org\/ImageObject\"> <a href=\"https:\/\/i0.wp.com\/www.radiowest.it\/wp-content\/uploads\/2022\/02\/1987-07-03-La-Stampa_Battaglia-delle-Band.jpg?ssl=1\" border=\"0\" itemprop=\"url\"> <meta itemprop=\"width\" content=\"360\"> <meta itemprop=\"height\" content=\"282\"> <img loading=\"lazy\" data-attachment-id=\"5082\" data-orig-file=\"https:\/\/www.radiowest.it\/wp-content\/uploads\/2022\/02\/1987-07-03-La-Stampa_Battaglia-delle-Band.jpg\" data-orig-size=\"1079,843\" data-comments-opened=\"1\" data-image-meta=\"{&quot;aperture&quot;:&quot;0&quot;,&quot;credit&quot;:&quot;&quot;,&quot;camera&quot;:&quot;&quot;,&quot;caption&quot;:&quot;&quot;,&quot;created_timestamp&quot;:&quot;0&quot;,&quot;copyright&quot;:&quot;&quot;,&quot;focal_length&quot;:&quot;0&quot;,&quot;iso&quot;:&quot;0&quot;,&quot;shutter_speed&quot;:&quot;0&quot;,&quot;title&quot;:&quot;&quot;,&quot;orientation&quot;:&quot;0&quot;}\" data-image-title=\"1987-07-03 La Stampa_Battaglia delle Band\" data-image-description=\"\" data-medium-file=\"https:\/\/i0.wp.com\/www.radiowest.it\/wp-content\/uploads\/2022\/02\/1987-07-03-La-Stampa_Battaglia-delle-Band.jpg?fit=300%2C234&#038;ssl=1\" data-large-file=\"https:\/\/i0.wp.com\/www.radiowest.it\/wp-content\/uploads\/2022\/02\/1987-07-03-La-Stampa_Battaglia-delle-Band.jpg?fit=1024%2C800&#038;ssl=1\" src=\"https:\/\/i0.wp.com\/www.radiowest.it\/wp-content\/uploads\/2022\/02\/1987-07-03-La-Stampa_Battaglia-delle-Band.jpg?w=360&#038;h=282&#038;ssl=1\" width=\"360\" height=\"282\" data-original-width=\"360\" data-original-height=\"282\" itemprop=\"http:\/\/schema.org\/image\" title=\"1987-07-03 La Stampa_Battaglia delle Band\" alt=\"Articolo sulla serata conclusiva della Battaglia (La Stampa, 3 luglio 1987)\" style=\"width: 360px; height: 282px;\" \/> <\/a> <div class=\"tiled-gallery-caption\" itemprop=\"caption description\"> Articolo sulla serata conclusiva della Battaglia (La Stampa, 3 luglio 1987) <\/div> <\/div> <\/div> <!-- close group --> <\/div> <!-- close row --> <div class=\"gallery-row\" style=\"width: 1200px; height: 587px;\" data-original-width=\"1200\" data-original-height=\"587\" > <div class=\"gallery-group images-1\" style=\"width: 793px; height: 587px;\" data-original-width=\"793\" data-original-height=\"587\" > <div class=\"tiled-gallery-item tiled-gallery-item-large\" itemprop=\"associatedMedia\" itemscope itemtype=\"http:\/\/schema.org\/ImageObject\"> <a href=\"https:\/\/i0.wp.com\/www.radiowest.it\/wp-content\/uploads\/2020\/10\/I-White-City-raccontano-la-loro-esperienza-nella-Battaglia-La-Stampa-17-09-1987.jpg?ssl=1\" border=\"0\" itemprop=\"url\"> <meta itemprop=\"width\" content=\"789\"> <meta itemprop=\"height\" content=\"583\"> <img loading=\"lazy\" data-attachment-id=\"3201\" data-orig-file=\"https:\/\/www.radiowest.it\/wp-content\/uploads\/2020\/10\/I-White-City-raccontano-la-loro-esperienza-nella-Battaglia-La-Stampa-17-09-1987.jpg\" data-orig-size=\"1152,851\" data-comments-opened=\"1\" data-image-meta=\"{&quot;aperture&quot;:&quot;0&quot;,&quot;credit&quot;:&quot;&quot;,&quot;camera&quot;:&quot;&quot;,&quot;caption&quot;:&quot;&quot;,&quot;created_timestamp&quot;:&quot;0&quot;,&quot;copyright&quot;:&quot;&quot;,&quot;focal_length&quot;:&quot;0&quot;,&quot;iso&quot;:&quot;0&quot;,&quot;shutter_speed&quot;:&quot;0&quot;,&quot;title&quot;:&quot;&quot;,&quot;orientation&quot;:&quot;0&quot;}\" data-image-title=\"\" data-image-description=\"\" data-medium-file=\"https:\/\/i0.wp.com\/www.radiowest.it\/wp-content\/uploads\/2020\/10\/I-White-City-raccontano-la-loro-esperienza-nella-Battaglia-La-Stampa-17-09-1987.jpg?fit=300%2C222&#038;ssl=1\" data-large-file=\"https:\/\/i0.wp.com\/www.radiowest.it\/wp-content\/uploads\/2020\/10\/I-White-City-raccontano-la-loro-esperienza-nella-Battaglia-La-Stampa-17-09-1987.jpg?fit=1024%2C756&#038;ssl=1\" src=\"https:\/\/i0.wp.com\/www.radiowest.it\/wp-content\/uploads\/2020\/10\/I-White-City-raccontano-la-loro-esperienza-nella-Battaglia-La-Stampa-17-09-1987.jpg?w=789&#038;h=583&#038;ssl=1\" width=\"789\" height=\"583\" data-original-width=\"789\" data-original-height=\"583\" itemprop=\"http:\/\/schema.org\/image\" title=\"\" alt=\"I White City raccontano la loro esperienza nella Battaglia (La Stampa, 17-09-1987)\" style=\"width: 789px; height: 583px;\" \/> <\/a> <div class=\"tiled-gallery-caption\" itemprop=\"caption description\"> I White City raccontano la loro esperienza nella Battaglia (La Stampa, 17-09-1987) <\/div> <\/div> <\/div> <!-- close group --> <div class=\"gallery-group images-1\" style=\"width: 407px; height: 587px;\" data-original-width=\"407\" data-original-height=\"587\" > <div class=\"tiled-gallery-item tiled-gallery-item-large\" itemprop=\"associatedMedia\" itemscope itemtype=\"http:\/\/schema.org\/ImageObject\"> <a href=\"https:\/\/i0.wp.com\/www.radiowest.it\/wp-content\/uploads\/2022\/02\/1987-05_Notes-White-City.jpg?ssl=1\" border=\"0\" itemprop=\"url\"> <meta itemprop=\"width\" content=\"403\"> <meta itemprop=\"height\" content=\"583\"> <img loading=\"lazy\" data-attachment-id=\"5040\" data-orig-file=\"https:\/\/www.radiowest.it\/wp-content\/uploads\/2022\/02\/1987-05_Notes-White-City.jpg\" data-orig-size=\"1213,1754\" data-comments-opened=\"1\" data-image-meta=\"{&quot;aperture&quot;:&quot;0&quot;,&quot;credit&quot;:&quot;&quot;,&quot;camera&quot;:&quot;&quot;,&quot;caption&quot;:&quot;&quot;,&quot;created_timestamp&quot;:&quot;0&quot;,&quot;copyright&quot;:&quot;&quot;,&quot;focal_length&quot;:&quot;0&quot;,&quot;iso&quot;:&quot;0&quot;,&quot;shutter_speed&quot;:&quot;0&quot;,&quot;title&quot;:&quot;&quot;,&quot;orientation&quot;:&quot;0&quot;}\" data-image-title=\"1987-05_Notes (White City)\" data-image-description=\"\" data-medium-file=\"https:\/\/i0.wp.com\/www.radiowest.it\/wp-content\/uploads\/2022\/02\/1987-05_Notes-White-City.jpg?fit=207%2C300&#038;ssl=1\" data-large-file=\"https:\/\/i0.wp.com\/www.radiowest.it\/wp-content\/uploads\/2022\/02\/1987-05_Notes-White-City.jpg?fit=708%2C1024&#038;ssl=1\" src=\"https:\/\/i0.wp.com\/www.radiowest.it\/wp-content\/uploads\/2022\/02\/1987-05_Notes-White-City.jpg?w=403&#038;h=583&#038;ssl=1\" width=\"403\" height=\"583\" data-original-width=\"403\" data-original-height=\"583\" itemprop=\"http:\/\/schema.org\/image\" title=\"1987-05_Notes (White City)\" alt=\"Articolo di Giuseppe Iannicelli sui White City (&quot;Notes&quot;, maggio1987)\" style=\"width: 403px; height: 583px;\" \/> <\/a> <div class=\"tiled-gallery-caption\" itemprop=\"caption description\"> Articolo di Giuseppe Iannicelli sui White City (&#8220;Notes&#8221;, maggio1987) <\/div> <\/div> <\/div> <!-- close group --> <\/div> <!-- close row --> <\/div>\t\t<\/div>\n\t\t\t\t<\/div>\n\t\t\t\t<\/div>\n\t\t\t\t\t\t<\/div>\n\t\t\t\t\t<\/div>\n\t\t<\/div>\n\t\t\t\t\t\t\t\t<\/div>\n\t\t\t\t\t<\/div>\n\t\t<\/section>\n\t\t\t\t<section class=\"elementor-section elementor-top-section elementor-element elementor-element-23fa83f elementor-section-boxed elementor-section-height-default elementor-section-height-default\" data-id=\"23fa83f\" data-element_type=\"section\">\n\t\t\t\t\t\t<div class=\"elementor-container elementor-column-gap-default\">\n\t\t\t\t\t\t\t<div class=\"elementor-row\">\n\t\t\t\t\t<div class=\"elementor-column elementor-col-100 elementor-top-column elementor-element elementor-element-6113c21\" data-id=\"6113c21\" data-element_type=\"column\">\n\t\t\t<div class=\"elementor-column-wrap elementor-element-populated\">\n\t\t\t\t\t\t\t<div class=\"elementor-widget-wrap\">\n\t\t\t\t\t\t<div class=\"elementor-element elementor-element-6739870 elementor-widget-divider--view-line elementor-widget elementor-widget-divider\" data-id=\"6739870\" data-element_type=\"widget\" data-widget_type=\"divider.default\">\n\t\t\t\t<div class=\"elementor-widget-container\">\n\t\t\t\t\t<div class=\"elementor-divider\">\n\t\t\t<span class=\"elementor-divider-separator\">\n\t\t\t\t\t\t<\/span>\n\t\t<\/div>\n\t\t\t\t<\/div>\n\t\t\t\t<\/div>\n\t\t\t\t<div class=\"elementor-element elementor-element-805744d elementor-widget elementor-widget-heading\" data-id=\"805744d\" data-element_type=\"widget\" data-widget_type=\"heading.default\">\n\t\t\t\t<div class=\"elementor-widget-container\">\n\t\t\t<h2 class=\"elementor-heading-title elementor-size-default\"><font style=\"vertical-align: inherit;\"><font style=\"vertical-align: inherit;\"><font style=\"vertical-align: inherit;\"><font style=\"vertical-align: inherit;\">i protagonisti: gli Stratos Wave (frammento audio)<\/font><\/font><\/font><\/font><font style=\"vertical-align: inherit;\"><\/font><\/h2>\t\t<\/div>\n\t\t\t\t<\/div>\n\t\t\t\t<div class=\"elementor-element elementor-element-24dbb99 elementor-widget elementor-widget-wp-widget-media_audio\" data-id=\"24dbb99\" data-element_type=\"widget\" data-widget_type=\"wp-widget-media_audio.default\">\n\t\t\t\t<div class=\"elementor-widget-container\">\n\t\t\t<h5>Un esempio dell&#8217;iter organizzativo della Battaglia delle band: &#8220;Song for Lucy&#8221; \u00e8 un brano composto ed eseguito dagli Stratos Wave, tratto da una cassetta demo registrata nel 1986 e spedita in radio per partecipare alla rassegna. In formazione Andrea Cinti (voce, chitarra, tastiere), Marco Bellana (batteria), Flavio Marini (basso) e Marco Pasotto (chitarra). Nel 1988 entrer\u00e0 nel gruppo Massimo Torchio e gli Stratos Wave si trasformeranno in Riservato.<\/h5><!--[if lt IE 9]><script>document.createElement('audio');<\/script><![endif]-->\n<audio class=\"wp-audio-shortcode\" id=\"audio-3197-1\" preload=\"none\" style=\"width: 100%;\" controls=\"controls\"><source type=\"audio\/mpeg\" src=\"https:\/\/www.radiowest.it\/wp-content\/uploads\/2020\/10\/Stratos-Wave-Song-for-Lucy.mp3?_=1\" \/><source type=\"audio\/mpeg\" src=\"https:\/\/www.radiowest.it\/wp-content\/uploads\/2020\/10\/Stratos-Wave-Song-for-Lucy.mp3?_=1\" \/><a href=\"https:\/\/www.radiowest.it\/wp-content\/uploads\/2020\/10\/Stratos-Wave-Song-for-Lucy.mp3\">https:\/\/www.radiowest.it\/wp-content\/uploads\/2020\/10\/Stratos-Wave-Song-for-Lucy.mp3<\/a><\/audio>\t\t<\/div>\n\t\t\t\t<\/div>\n\t\t\t\t\t\t<\/div>\n\t\t\t\t\t<\/div>\n\t\t<\/div>\n\t\t\t\t\t\t\t\t<\/div>\n\t\t\t\t\t<\/div>\n\t\t<\/section>\n\t\t\t\t<section class=\"elementor-section elementor-top-section elementor-element elementor-element-8f736a5 elementor-section-boxed elementor-section-height-default elementor-section-height-default\" data-id=\"8f736a5\" data-element_type=\"section\">\n\t\t\t\t\t\t<div class=\"elementor-container elementor-column-gap-default\">\n\t\t\t\t\t\t\t<div class=\"elementor-row\">\n\t\t\t\t\t<div class=\"elementor-column elementor-col-100 elementor-top-column elementor-element elementor-element-eb8a44a\" data-id=\"eb8a44a\" data-element_type=\"column\">\n\t\t\t<div class=\"elementor-column-wrap elementor-element-populated\">\n\t\t\t\t\t\t\t<div class=\"elementor-widget-wrap\">\n\t\t\t\t\t\t<div class=\"elementor-element elementor-element-35e717f elementor-widget-divider--view-line elementor-widget elementor-widget-divider\" data-id=\"35e717f\" data-element_type=\"widget\" data-widget_type=\"divider.default\">\n\t\t\t\t<div class=\"elementor-widget-container\">\n\t\t\t\t\t<div class=\"elementor-divider\">\n\t\t\t<span class=\"elementor-divider-separator\">\n\t\t\t\t\t\t<\/span>\n\t\t<\/div>\n\t\t\t\t<\/div>\n\t\t\t\t<\/div>\n\t\t\t\t<div class=\"elementor-element elementor-element-6ed04a8 elementor-widget elementor-widget-heading\" data-id=\"6ed04a8\" data-element_type=\"widget\" data-widget_type=\"heading.default\">\n\t\t\t\t<div class=\"elementor-widget-container\">\n\t\t\t<h2 class=\"elementor-heading-title elementor-size-default\"><br>curiosit\u00e0: i futuri Yo Yo Mundi alla Battaglia delle band!<\/h2>\t\t<\/div>\n\t\t\t\t<\/div>\n\t\t\t\t<div class=\"elementor-element elementor-element-4d0e892 elementor-widget elementor-widget-text-editor\" data-id=\"4d0e892\" data-element_type=\"widget\" data-widget_type=\"text-editor.default\">\n\t\t\t\t<div class=\"elementor-widget-container\">\n\t\t\t\t\t\t\t\t<div class=\"elementor-text-editor elementor-clearfix\">\n\t\t\t\t<p><span style=\"vertical-align: inherit;\"><span style=\"vertical-align: inherit;\">La <\/span><\/span><em><span style=\"vertical-align: inherit;\"><span style=\"vertical-align: inherit;\">Battaglia delle band <\/span><\/span><\/em><span style=\"vertical-align: inherit;\"><span style=\"vertical-align: inherit;\">si ripete nella stagione successiva, ma la nuova formula scelta dall&#8217;Apple porta al naufragio dell&#8217;iniziativa. <\/span><span style=\"vertical-align: inherit;\">Rimarr\u00e0 per\u00f2 nella storia la serata del 26 settembre 1987, quando davanti a una manciata di persone si esibiscono due gruppi acquesi misconosciuti, ma che si riveleranno seminali per la scena rock: i Matmagandi del cantante e chitarrista Paolo Archetti Maestri (gi\u00e0 nei Knot Toulouse) e i From Our Sides del batterista Eugenio Merico: di l\u00ec a pochi mesi i due fonderanno gli Yo Yo Mundi. <\/span><span style=\"vertical-align: inherit;\">Nei Matmagandi troviamo anche Luca Olivieri (pianoforte e sintetizzatore) e gli alessandrini Fabio Gnecchi (basso) e Mirco Barberis (batteria): &#8220;Durarono il tempo di un battito di ciglia. Avevamo un nome bizzarro assai, lo so, e avremmo anche potuto lasciare un segno pi\u00f9 significativo viste le notevoli potenzialit\u00e0 dei singoli musicisti, ma cos\u00ec non fu!&#8221; (Paolo Archetti Maestri).<\/span><\/span><\/p><p>La fase iniziale della carriera degli Yo Yo Mundi \u00e8 documentata dalla pagina dedicata alla <a href=\"https:\/\/www.radiowest.it\/index.php\/mc-jam-89\/\">MC Jam 3<\/a>.<\/p>\t\t\t\t\t<\/div>\n\t\t\t\t\t\t<\/div>\n\t\t\t\t<\/div>\n\t\t\t\t<div class=\"elementor-element elementor-element-991ac6e gallery-spacing-custom elementor-widget elementor-widget-image-gallery\" data-id=\"991ac6e\" data-element_type=\"widget\" data-widget_type=\"image-gallery.default\">\n\t\t\t\t<div class=\"elementor-widget-container\">\n\t\t\t\t\t<div class=\"elementor-image-gallery\">\n\t\t\t<div class=\"tiled-gallery type-rectangular tiled-gallery-unresized\" data-original-width=\"1200\" data-carousel-extra='null' itemscope itemtype=\"http:\/\/schema.org\/ImageGallery\" > <div class=\"gallery-row\" style=\"width: 1200px; height: 1633px;\" data-original-width=\"1200\" data-original-height=\"1633\" > <div class=\"gallery-group images-1\" style=\"width: 1200px; height: 1633px;\" data-original-width=\"1200\" data-original-height=\"1633\" > <div class=\"tiled-gallery-item tiled-gallery-item-large\" itemprop=\"associatedMedia\" itemscope itemtype=\"http:\/\/schema.org\/ImageObject\"> <a href=\"https:\/\/i0.wp.com\/www.radiowest.it\/wp-content\/uploads\/2020\/10\/Larticolo-su-From-Our-Side-e-Matmagandi-da-cui-nasceranno-gli-Yo-Yo-Mundi-Il-Piccolo-30-09-1987.jpg?ssl=1\" border=\"0\" itemprop=\"url\"> <meta itemprop=\"width\" content=\"1196\"> <meta itemprop=\"height\" content=\"1629\"> <img loading=\"lazy\" data-attachment-id=\"3202\" data-orig-file=\"https:\/\/www.radiowest.it\/wp-content\/uploads\/2020\/10\/Larticolo-su-From-Our-Side-e-Matmagandi-da-cui-nasceranno-gli-Yo-Yo-Mundi-Il-Piccolo-30-09-1987.jpg\" data-orig-size=\"1648,2244\" data-comments-opened=\"1\" data-image-meta=\"{&quot;aperture&quot;:&quot;0&quot;,&quot;credit&quot;:&quot;&quot;,&quot;camera&quot;:&quot;&quot;,&quot;caption&quot;:&quot;&quot;,&quot;created_timestamp&quot;:&quot;0&quot;,&quot;copyright&quot;:&quot;&quot;,&quot;focal_length&quot;:&quot;0&quot;,&quot;iso&quot;:&quot;0&quot;,&quot;shutter_speed&quot;:&quot;0&quot;,&quot;title&quot;:&quot;&quot;,&quot;orientation&quot;:&quot;0&quot;}\" data-image-title=\"L&#8217;articolo su From Our Side e Matmagandi, da cui nasceranno gli Yo Yo Mundi (Il Piccolo, 30 -09-1987)\" data-image-description=\"\" data-medium-file=\"https:\/\/i0.wp.com\/www.radiowest.it\/wp-content\/uploads\/2020\/10\/Larticolo-su-From-Our-Side-e-Matmagandi-da-cui-nasceranno-gli-Yo-Yo-Mundi-Il-Piccolo-30-09-1987.jpg?fit=220%2C300&#038;ssl=1\" data-large-file=\"https:\/\/i0.wp.com\/www.radiowest.it\/wp-content\/uploads\/2020\/10\/Larticolo-su-From-Our-Side-e-Matmagandi-da-cui-nasceranno-gli-Yo-Yo-Mundi-Il-Piccolo-30-09-1987.jpg?fit=752%2C1024&#038;ssl=1\" src=\"https:\/\/i0.wp.com\/www.radiowest.it\/wp-content\/uploads\/2020\/10\/Larticolo-su-From-Our-Side-e-Matmagandi-da-cui-nasceranno-gli-Yo-Yo-Mundi-Il-Piccolo-30-09-1987.jpg?w=1196&#038;h=1629&#038;ssl=1\" width=\"1196\" height=\"1629\" data-original-width=\"1196\" data-original-height=\"1629\" itemprop=\"http:\/\/schema.org\/image\" title=\"L&#039;articolo su From Our Side e Matmagandi, da cui nasceranno gli Yo Yo Mundi (Il Piccolo, 30 -09-1987)\" alt=\"L&#039;articolo su From Our Side e Matmagandi, da cui nasceranno gli Yo Yo Mundi (Il Piccolo, 30 -09-1987)\" style=\"width: 1196px; height: 1629px;\" \/> <\/a> <\/div> <\/div> <!-- close group --> <\/div> <!-- close row --> <\/div>\t\t<\/div>\n\t\t\t\t<\/div>\n\t\t\t\t<\/div>\n\t\t\t\t<div class=\"elementor-element elementor-element-f0250f6 elementor-widget-divider--view-line elementor-widget elementor-widget-divider\" data-id=\"f0250f6\" data-element_type=\"widget\" data-widget_type=\"divider.default\">\n\t\t\t\t<div class=\"elementor-widget-container\">\n\t\t\t\t\t<div class=\"elementor-divider\">\n\t\t\t<span class=\"elementor-divider-separator\">\n\t\t\t\t\t\t<\/span>\n\t\t<\/div>\n\t\t\t\t<\/div>\n\t\t\t\t<\/div>\n\t\t\t\t\t\t<\/div>\n\t\t\t\t\t<\/div>\n\t\t<\/div>\n\t\t\t\t\t\t\t\t<\/div>\n\t\t\t\t\t<\/div>\n\t\t<\/section>\n\t\t\t\t\t\t<\/div>\n\t\t\t\t\t\t<\/div>\n\t\t\t\t\t<\/div>\n\t\t","protected":false},"excerpt":{"rendered":"<p>Rassegna riservata a gruppi esordienti o emergenti, con cui si concretizza l\u2019attenzione di Radio West per le realt\u00e0 del territorio (in qualche caso i ragazzi provengono anche da fuori provincia e dalla Liguria). Rispetto al recente passato, la radio si rende conto che nel 1987 \u00e8 diventato pi\u00f9 facile dare spazio ai gruppi di base, [&hellip;]<\/p>\n","protected":false},"author":5,"featured_media":3198,"comment_status":"open","ping_status":"open","sticky":false,"template":"","format":"standard","meta":{"_monsterinsights_skip_tracking":false,"_monsterinsights_sitenote_active":false,"_monsterinsights_sitenote_note":"","_monsterinsights_sitenote_category":0,"spay_email":""},"categories":[129],"tags":[],"jetpack_featured_media_url":"https:\/\/i0.wp.com\/www.radiowest.it\/wp-content\/uploads\/2020\/10\/apple-ovada.jpg?fit=567%2C820&ssl=1","jetpack_sharing_enabled":true,"_links":{"self":[{"href":"https:\/\/www.radiowest.it\/index.php\/wp-json\/wp\/v2\/posts\/3197"}],"collection":[{"href":"https:\/\/www.radiowest.it\/index.php\/wp-json\/wp\/v2\/posts"}],"about":[{"href":"https:\/\/www.radiowest.it\/index.php\/wp-json\/wp\/v2\/types\/post"}],"author":[{"embeddable":true,"href":"https:\/\/www.radiowest.it\/index.php\/wp-json\/wp\/v2\/users\/5"}],"replies":[{"embeddable":true,"href":"https:\/\/www.radiowest.it\/index.php\/wp-json\/wp\/v2\/comments?post=3197"}],"version-history":[{"count":42,"href":"https:\/\/www.radiowest.it\/index.php\/wp-json\/wp\/v2\/posts\/3197\/revisions"}],"predecessor-version":[{"id":5101,"href":"https:\/\/www.radiowest.it\/index.php\/wp-json\/wp\/v2\/posts\/3197\/revisions\/5101"}],"wp:featuredmedia":[{"embeddable":true,"href":"https:\/\/www.radiowest.it\/index.php\/wp-json\/wp\/v2\/media\/3198"}],"wp:attachment":[{"href":"https:\/\/www.radiowest.it\/index.php\/wp-json\/wp\/v2\/media?parent=3197"}],"wp:term":[{"taxonomy":"category","embeddable":true,"href":"https:\/\/www.radiowest.it\/index.php\/wp-json\/wp\/v2\/categories?post=3197"},{"taxonomy":"post_tag","embeddable":true,"href":"https:\/\/www.radiowest.it\/index.php\/wp-json\/wp\/v2\/tags?post=3197"}],"curies":[{"name":"wp","href":"https:\/\/api.w.org\/{rel}","templated":true}]}}